{"id":67045,"date":"2025-06-01T20:14:03","date_gmt":"2025-06-01T23:14:03","guid":{"rendered":"https:\/\/24formosa.com.ar\/?p=67045"},"modified":"2025-06-01T20:14:04","modified_gmt":"2025-06-01T23:14:04","slug":"en-pirane-el-vicegobernador-solis-acompano-a-candidatos-a-concejales","status":"publish","type":"post","link":"https:\/\/24formosa.com.ar\/?p=67045","title":{"rendered":"En Piran\u00e9, el vicegobernador Sol\u00eds acompa\u00f1\u00f3 a candidatos a concejales"},"content":{"rendered":"\n<p><em>Con miras a las elecciones provinciales del pr\u00f3ximo 29 de junio, el vicegobernador Eber Sol\u00eds contin\u00faa visitando localidades del interior para acompa\u00f1ar a los candidatos del Modelo Formose\u00f1o, manteniendo fruct\u00edferos encuentros con vecinos y militantes.<\/em><\/p>\n\n\n\n<p>Este viernes 30 estuvo en Piran\u00e9, donde llev\u00f3 adelante \u201cuna jornada llena de compromiso y solidaridad junto a los candidatos a concejales Mat\u00edas Ram\u00edrez y Jorge Herrera, visitando el centro de evacuados, donde compartimos con las familias afectadas por la emergencia h\u00eddrica que ha impactado a la comunidad\u201d.<\/p>\n\n\n\n<p>Recorrieron, adem\u00e1s, las obras de contenci\u00f3n que se est\u00e1n llevando a cabo en la localidad, con el objetivo de prevenir futuros desastres y proteger a los pobladores.<\/p>\n\n\n\n<figure class=\"wp-block-image\"><a href=\"https:\/\/agenfor.com.ar\/wp-content\/uploads\/2025\/05\/El-Vicegobernador-estuvo-en-Pirane7.jpg\"><img decoding=\"async\" src=\"https:\/\/agenfor.com.ar\/wp-content\/uploads\/2025\/05\/El-Vicegobernador-estuvo-en-Pirane7-1024x683.jpg\" alt=\"\" class=\"wp-image-231095\"\/><\/a><\/figure>\n\n\n\n<p>\u201cEn Formosa, tenemos un Estado presente que no solo escucha, sino que act\u00faa \u2013reafirm\u00f3-. Gracias a la firme decisi\u00f3n pol\u00edtica de nuestro querido gobernador, el doctor Gildo Insfr\u00e1n, hemos establecido una estructura gubernamental especializada que garantiza asistencia y contenci\u00f3n en situaciones como esta\u201d.<\/p>\n\n\n\n<p>Tambi\u00e9n, el vicegobernador Sol\u00eds acompa\u00f1\u00f3 \u201cal candidato a concejal Gabriel Aguayo y a todo su equipo en una reuni\u00f3n enriquecedora con los vecinos y las vecinas del populoso barrio 20 de Junio de la localidad\u201d.<\/p>\n\n\n\n<p>Y subray\u00f3 que \u201cunidos, seguimos transitando el camino del trabajo arduo y ordenado, consolidando cada rinc\u00f3n de nuestra provincia con un modelo de inclusi\u00f3n y desarrollo que pone al hombre y a la mujer formose\u00f1a en el centro de nuestras pol\u00edticas p\u00fablicas\u201d.<\/p>\n\n\n\n<p>\u201cBajo el liderazgo indiscutido de nuestro Gobernador, reafirmamos nuestra convicci\u00f3n de construir un futuro pr\u00f3spero para todos y todas\u201d, hizo notar.<\/p>\n\n\n\n<figure class=\"wp-block-image\"><a href=\"https:\/\/agenfor.com.ar\/wp-content\/uploads\/2025\/05\/El-Vicegobernador-estuvo-en-Pirane3.jpg\"><img decoding=\"async\" src=\"https:\/\/agenfor.com.ar\/wp-content\/uploads\/2025\/05\/El-Vicegobernador-estuvo-en-Pirane3-1024x683.jpg\" alt=\"\" class=\"wp-image-231098\"\/><\/a><\/figure>\n\n\n\n<p>Del mismo modo, el Vicegobernador tambi\u00e9n acompa\u00f1\u00f3 \u201cal compa\u00f1ero candidato a concejal Walter Galarza en la presentaci\u00f3n de su candidatura, junto a todo su equipo que lo acompa\u00f1ar\u00e1 en la contienda electoral\u201d.<\/p>\n\n\n\n<p>\u201cLos peronistas tenemos premisas claras y sabemos que, como dec\u00eda Juan Domingo Per\u00f3n, \u2018mejor que decir es hacer y mejor que prometer es realizar\u2019. Por eso, construimos nuestro presente sobre bases firmes y siempre desde el amor, para tener un futuro pr\u00f3spero que nos incluya a todos\u201d, cerr\u00f3.<\/p>\n","protected":false},"excerpt":{"rendered":"<p>Con miras a las elecciones provinciales del pr\u00f3ximo 29 de junio, el vicegobernador Eber Sol\u00eds<\/p>\n","protected":false},"author":8,"featured_media":67046,"comment_status":"closed","ping_status":"closed","sticky":false,"template":"","format":"standard","meta":{"footnotes":""},"categories":[1],"tags":[],"class_list":["post-67045","post","type-post","status-publish","format-standard","has-post-thumbnail","hentry","category-noticias"],"_links":{"self":[{"href":"https:\/\/24formosa.com.ar\/index.php?rest_route=\/wp\/v2\/posts\/67045","targetHints":{"allow":["GET"]}}],"collection":[{"href":"https:\/\/24formosa.com.ar\/index.php?rest_route=\/wp\/v2\/posts"}],"about":[{"href":"https:\/\/24formosa.com.ar\/index.php?rest_route=\/wp\/v2\/types\/post"}],"author":[{"embeddable":true,"href":"https:\/\/24formosa.com.ar\/index.php?rest_route=\/wp\/v2\/users\/8"}],"replies":[{"embeddable":true,"href":"https:\/\/24formosa.com.ar\/index.php?rest_route=%2Fwp%2Fv2%2Fcomments&post=67045"}],"version-history":[{"count":1,"href":"https:\/\/24formosa.com.ar\/index.php?rest_route=\/wp\/v2\/posts\/67045\/revisions"}],"predecessor-version":[{"id":67047,"href":"https:\/\/24formosa.com.ar\/index.php?rest_route=\/wp\/v2\/posts\/67045\/revisions\/67047"}],"wp:featuredmedia":[{"embeddable":true,"href":"https:\/\/24formosa.com.ar\/index.php?rest_route=\/wp\/v2\/media\/67046"}],"wp:attachment":[{"href":"https:\/\/24formosa.com.ar\/index.php?rest_route=%2Fwp%2Fv2%2Fmedia&parent=67045"}],"wp:term":[{"taxonomy":"category","embeddable":true,"href":"https:\/\/24formosa.com.ar\/index.php?rest_route=%2Fwp%2Fv2%2Fcategories&post=67045"},{"taxonomy":"post_tag","embeddable":true,"href":"https:\/\/24formosa.com.ar\/index.php?rest_route=%2Fwp%2Fv2%2Ftags&post=67045"}],"curies":[{"name":"wp","href":"https:\/\/api.w.org\/{rel}","templated":true}]}}