{"id":67028,"date":"2025-05-30T21:53:24","date_gmt":"2025-05-31T00:53:24","guid":{"rendered":"https:\/\/24formosa.com.ar\/?p=67028"},"modified":"2025-05-30T21:53:25","modified_gmt":"2025-05-31T00:53:25","slug":"caffa-se-refirio-a-los-trabajos-que-se-realizan-en-la-ruta-28","status":"publish","type":"post","link":"https:\/\/24formosa.com.ar\/?p=67028","title":{"rendered":"Caffa se refiri\u00f3 a los trabajos que se realizan en la ruta 28"},"content":{"rendered":"\n<p>En di\u00e1logo con&nbsp;<strong>AGENFOR<\/strong>, el administrador de la Direcci\u00f3n de Vialidad Provincial (DPV), Javier Caffa, brind\u00f3 detalles acerca de los trabajos que se est\u00e1n ejecutando en la ruta provincial N\u00b028 en el tramo entre Las Lomitas y Posta Cambio Zalazar.<\/p>\n\n\n\n<p>\u201cYa hemos iniciado, hace un tiempo, los trabajos de bacheo superficial, bacheo profundo, sellado de fisura, acondicionamiento de banquinas, como trabajos de mantenimiento de esta importante ruta provincial del oeste formose\u00f1o\u201d, indic\u00f3.<\/p>\n\n\n\n<p>Asimismo, el funcionario precis\u00f3 que los trabajos se encuentran en la etapa inicial donde, en principio, se realizan el saneamiento, \u201cla remoci\u00f3n de todos los materiales no aptos de las distintas capas del paquete estructural\u201d y, luego, \u201cse va avanzando con las capas suelo-cal, suelo-cemento, estabilizador anular, para completar despu\u00e9s la carpeta de siete cent\u00edmetros de asfalto\u201d.<\/p>\n\n\n\n<figure class=\"wp-block-image\"><a href=\"https:\/\/agenfor.com.ar\/wp-content\/uploads\/2025\/05\/ruta-28_marca-2.jpeg\"><img decoding=\"async\" src=\"https:\/\/agenfor.com.ar\/wp-content\/uploads\/2025\/05\/ruta-28_marca-2-1024x682.jpeg\" alt=\"\" class=\"wp-image-230967\"\/><\/a><\/figure>\n\n\n\n<p>\u201cEn esta etapa estamos con todas las tareas de saneamiento y dentro de un tiempo, cuando tengamos un buen \u00e1rea ya con todo ese trabajo previo realizado, se encender\u00e1 la planta asf\u00e1ltica, que ya est\u00e1 instalada en la localidad de Estanislao del Campo, como lugar estrat\u00e9gico para toda la zona, y se comenzar\u00e1 ya con la \u00faltima etapa, que es la capa de concreto asf\u00e1ltico\u201d, ahond\u00f3.<\/p>\n\n\n\n<p>Adem\u00e1s de estos trabajos mencionados, Caffa anticip\u00f3 que tambi\u00e9n se har\u00e1n las traves\u00edas iluminadas con iluminaci\u00f3n LED, en todas las comunidades abor\u00edgenes y toda la se\u00f1alizaci\u00f3n vertical en carteler\u00eda, para optimizar la seguridad vial, sobre todo.<\/p>\n\n\n\n<p>\u201cTambi\u00e9n quiero advertir a todo el tr\u00e1nsito, a los transe\u00fantes, que tengan las precauciones, porque hay personal, hay maquinaria pesada que est\u00e1 trabajando as\u00ed que tengan la precauci\u00f3n de circular a la velocidad que est\u00e1 estipulada en los carteles. Aparte, est\u00e1n se\u00f1alizados los trabajos, pero requerimos que la poblaci\u00f3n tenga esa responsabilidad\u201d, solicit\u00f3.<\/p>\n\n\n\n<figure class=\"wp-block-image\"><a href=\"https:\/\/agenfor.com.ar\/wp-content\/uploads\/2025\/05\/ruta-28_marca-4.jpeg\"><img decoding=\"async\" src=\"https:\/\/agenfor.com.ar\/wp-content\/uploads\/2025\/05\/ruta-28_marca-4-1024x682.jpeg\" alt=\"\" class=\"wp-image-230969\"\/><\/a><\/figure>\n\n\n\n<p>Por \u00faltimo, el titular de la DPV ratific\u00f3 que, como todas las obras que se est\u00e1n ejecutando en la provincia, esta tambi\u00e9n se sostiene con fondos del Tesoro Provincial.<\/p>\n\n\n\n<p>\u201cEn base a una planificaci\u00f3n y un relevamiento de las necesidades que tiene cada una de las zonas de la provincia, el Estado provincial presente hace su inversi\u00f3n con estas obras de infraestructura tan importantes\u201d, concluy\u00f3.<\/p>\n","protected":false},"excerpt":{"rendered":"<p>En di\u00e1logo con&nbsp;AGENFOR, el administrador de la Direcci\u00f3n de Vialidad Provincial (DPV), Javier Caffa, brind\u00f3<\/p>\n","protected":false},"author":8,"featured_media":67029,"comment_status":"closed","ping_status":"closed","sticky":false,"template":"","format":"standard","meta":{"footnotes":""},"categories":[1],"tags":[],"class_list":["post-67028","post","type-post","status-publish","format-standard","has-post-thumbnail","hentry","category-noticias"],"_links":{"self":[{"href":"https:\/\/24formosa.com.ar\/index.php?rest_route=\/wp\/v2\/posts\/67028","targetHints":{"allow":["GET"]}}],"collection":[{"href":"https:\/\/24formosa.com.ar\/index.php?rest_route=\/wp\/v2\/posts"}],"about":[{"href":"https:\/\/24formosa.com.ar\/index.php?rest_route=\/wp\/v2\/types\/post"}],"author":[{"embeddable":true,"href":"https:\/\/24formosa.com.ar\/index.php?rest_route=\/wp\/v2\/users\/8"}],"replies":[{"embeddable":true,"href":"https:\/\/24formosa.com.ar\/index.php?rest_route=%2Fwp%2Fv2%2Fcomments&post=67028"}],"version-history":[{"count":1,"href":"https:\/\/24formosa.com.ar\/index.php?rest_route=\/wp\/v2\/posts\/67028\/revisions"}],"predecessor-version":[{"id":67030,"href":"https:\/\/24formosa.com.ar\/index.php?rest_route=\/wp\/v2\/posts\/67028\/revisions\/67030"}],"wp:featuredmedia":[{"embeddable":true,"href":"https:\/\/24formosa.com.ar\/index.php?rest_route=\/wp\/v2\/media\/67029"}],"wp:attachment":[{"href":"https:\/\/24formosa.com.ar\/index.php?rest_route=%2Fwp%2Fv2%2Fmedia&parent=67028"}],"wp:term":[{"taxonomy":"category","embeddable":true,"href":"https:\/\/24formosa.com.ar\/index.php?rest_route=%2Fwp%2Fv2%2Fcategories&post=67028"},{"taxonomy":"post_tag","embeddable":true,"href":"https:\/\/24formosa.com.ar\/index.php?rest_route=%2Fwp%2Fv2%2Ftags&post=67028"}],"curies":[{"name":"wp","href":"https:\/\/api.w.org\/{rel}","templated":true}]}}