{"id":67019,"date":"2025-05-30T21:47:15","date_gmt":"2025-05-31T00:47:15","guid":{"rendered":"https:\/\/24formosa.com.ar\/?p=67019"},"modified":"2025-05-30T21:47:16","modified_gmt":"2025-05-31T00:47:16","slug":"formosa-es-la-jurisdiccion-del-pais-con-la-factura-electrica-mas-baja-segun-niveles-de-ingreso","status":"publish","type":"post","link":"https:\/\/24formosa.com.ar\/?p=67019","title":{"rendered":"Formosa es la jurisdicci\u00f3n del pa\u00eds con la factura el\u00e9ctrica m\u00e1s baja seg\u00fan niveles de ingreso"},"content":{"rendered":"\n<p>Tomando como fuente el Reporte del Observatorio de Tarifas y Subsidios del Instituto Interdisciplinario de Econom\u00eda Pol\u00edtica de la UBA-CONICET, desde la Consultora Politik\u00e9 se analizaron las tarifas el\u00e9ctricas de las jurisdicciones que integran la Rep\u00fablica Argentina.<\/p>\n\n\n\n<p>Se observ\u00f3 el valor de las facturas el\u00e9ctricas (con impuestos y sin descuentos) para un consumo de 265 kwh\/mes para los niveles de ingresos bajos (N2) e ingresos medios (N3). Los resultados muestran que la factura promedio en el pa\u00eds para un hogar de ingresos bajos es de $35.291, mientras que para un hogar de ingresos medios asciende a $41.900.<\/p>\n\n\n\n<p>Al desglosar los datos por provincia, se constat\u00f3 que Formosa es la jurisdicci\u00f3n del pa\u00eds con la factura el\u00e9ctrica m\u00e1s baja para ambos niveles de ingreso, con valores de $12.097 (N2: Ingresos Bajos) y $16.877 (N3: Ingresos Medios), a valores de mayo de 2025.<\/p>\n\n\n\n<p>A nivel nacional, Formosa se ubica en el segundo lugar entre las provincias con tarifas m\u00e1s bajas. Esta situaci\u00f3n se debe, en parte, a la existencia del subsidio \u201cEsfuerzo Formose\u00f1o\u201d, que beneficia al 90% de los usuarios de las categor\u00edas N2 y N3. Este subsidio cubre el valor agregado de distribuci\u00f3n (VAD) de la energ\u00eda el\u00e9ctrica, un componente de la factura determinado por el Gobierno Nacional.<\/p>\n\n\n\n<p>En el caso de los hogares N2, el VAD representa el 22% de la factura total, por lo que el usuario solo paga $9.435 aproximadamente. De esta manera, queda en evidencia el impacto positivo de los subsidios aplicados a los sectores m\u00e1s vulnerables frente al constante aumento del precio de la distribuci\u00f3n de la energ\u00eda el\u00e9ctrica impuesto por el gobierno nacional, posicionando de esta manera a Formosa como la provincia con la segunda tarifa el\u00e9ctrica m\u00e1s baja del pa\u00eds.<\/p>\n\n\n\n<figure class=\"wp-block-image\"><a href=\"https:\/\/agenfor.com.ar\/wp-content\/uploads\/2025\/05\/WhatsApp-Image-2025-05-30-at-7.29.35-PM.jpeg\"><img decoding=\"async\" src=\"https:\/\/agenfor.com.ar\/wp-content\/uploads\/2025\/05\/WhatsApp-Image-2025-05-30-at-7.29.35-PM.jpeg\" alt=\"\" class=\"wp-image-231043\"\/><\/a><\/figure>\n\n\n\n<p>Fuente: Elaboraci\u00f3n propia en base a datos del Observatorio de Tarifas y Subsidios IIEP (UBA-CONICET).<\/p>\n\n\n\n<p>Ca\u00edda de la cobertura del Programa Progresar<\/p>\n\n\n\n<p>Se analiz\u00f3 la ca\u00edda del Programa de Respaldo a Estudiantes de Argentina (Programa Progresar), que se implement\u00f3 desde el 2014 con el objetivo de acompa\u00f1ar j\u00f3venes entre 18 a 24 a\u00f1os en situaci\u00f3n de vulnerabilidad socioecon\u00f3mica que estuvieran estudiando y cuyos hogares tuvieran bajos ingresos.<\/p>\n\n\n\n<p>Al observar los datos se puede apreciar que solamente en el t\u00e9rmino de un a\u00f1o, entre 2023 y 2024, m\u00e1s de 500 mil personas perdieron el acceso a las becas. El beneficio alcanza actualmente a m\u00e1s de un mill\u00f3n trescientos mil beneficiarios.<\/p>\n\n\n\n<p>Adem\u00e1s, el poder adquisitivo de la beca perdi\u00f3 significativamente su valor en el a\u00f1o 2024 desplom\u00e1ndose a la mitad del valor registrado en 2023 debido al periodo de alta inflaci\u00f3n que atraves\u00f3 nuestro pa\u00eds y a la decisi\u00f3n del Gobierno nacional de congelar el monto nominal durante todo el a\u00f1o, otorgando un aumento solo del 75% en 2024, muy por debajo de la inflaci\u00f3n interanual que se ubic\u00f3 en el 236%.<\/p>\n\n\n\n<p>Si se quisiera equipara el valor de la beca de abril de 2015, actualmente los estudiantes deber\u00edan de recibir aproximadamente $127.186 mensuales, sin embargo, los beneficiarios del programa recibieron apenas $35.000 en abril de 2025.<\/p>\n\n\n\n<p>Tampoco se debe dejar de mencionar que el presupuesto destinado al programa sufri\u00f3 una ca\u00edda del 65% en t\u00e9rminos reales entre 2023 y 2024. De esta manera se puede observar como una pol\u00edtica p\u00fablica que garantizaba el acceso a la educaci\u00f3n a los sectores m\u00e1s vulnerables se ve perjudicada por las decisiones del actual gobierno nacional y que probablemente contin\u00fae deterior\u00e1ndose.<\/p>\n\n\n\n<figure class=\"wp-block-image\"><a href=\"https:\/\/agenfor.com.ar\/wp-content\/uploads\/2025\/05\/WhatsApp-Image-2025-05-30-at-7.29.44-PM.jpeg\"><img decoding=\"async\" src=\"https:\/\/agenfor.com.ar\/wp-content\/uploads\/2025\/05\/WhatsApp-Image-2025-05-30-at-7.29.44-PM.jpeg\" alt=\"\" class=\"wp-image-231042\"\/><\/a><\/figure>\n\n\n\n<p>Fuente: Elaboraci\u00f3n propia en base a los datos del Centro de Econom\u00eda Pol\u00edtica Argentina.<\/p>\n\n\n\n<figure class=\"wp-block-image\"><a href=\"https:\/\/agenfor.com.ar\/wp-content\/uploads\/2025\/05\/WhatsApp-Image-2025-05-30-at-7.29.53-PM.jpeg\"><img decoding=\"async\" src=\"https:\/\/agenfor.com.ar\/wp-content\/uploads\/2025\/05\/WhatsApp-Image-2025-05-30-at-7.29.53-PM.jpeg\" alt=\"\" class=\"wp-image-231041\"\/><\/a><\/figure>\n\n\n\n<p>Fuente: Elaboraci\u00f3n propia en base a los datos del Centro de Econom\u00eda Pol\u00edtica Argentina.<\/p>\n\n\n\n<p><strong>Ajustes y recortes de presupuestos<\/strong><\/p>\n\n\n\n<p><br>Desde diciembre del 2023, con la asunci\u00f3n del actual Gobierno nacional de Javier Milei, se vienen implementado una serie de ajustes y recortes de presupuestos que afectan el d\u00eda a d\u00eda de los argentinos en diferentes \u00e1reas como salud, educaci\u00f3n, ciencia y tecnolog\u00eda, etc\u00e9tera.<\/p>\n\n\n\n<p>En los \u00faltimos d\u00edas se visibiliz\u00f3 a\u00fan m\u00e1s el reclamo por el conflicto salarial que atraviesa el Hospital Garrahan, uno de los centros medico de salud p\u00fablica modelo del pa\u00eds y referencia en la regi\u00f3n que brinda atenci\u00f3n pedi\u00e1trica de primer nivel, donde se realizan m\u00e1s de 630 mil consultas, m\u00e1s de 10 mil cirug\u00edas y 114 trasplantes por mes.<\/p>\n\n\n\n<p>Al analizar los datos, actualmente los salarios de los profesionales m\u00e9dicos que trabajan en el hospital cayeron un 35,5% desde noviembre de 2023 en t\u00e9rminos reales, esta ca\u00edda se suma al congelamiento de los sueldos, que actualmente rondan los $700.000 en promedio.<\/p>\n\n\n\n<p>El ajuste por parte del Gobierno nacional no es nuevo, ya se viene aplicando en otras \u00e1reas, como por ejemplo el desfinanciamiento en ciencia y tecnolog\u00eda donde el presupuesto se redujo en un 19,4% entre el primer cuatrimestre de 2025 comparado con el mismo periodo de 2024.<\/p>\n\n\n\n<p>Por su parte, los docentes universitarios nacionales, encargados de la formaci\u00f3n de la formaci\u00f3n de los futuros profesionales del pa\u00eds, experimentaron un derrumbe en su salario de un 27,9% en t\u00e9rminos reales desde noviembre de 2023.<\/p>\n\n\n\n<p>Por \u00faltimo, los ingresos de los jubilados contin\u00faan deterior\u00e1ndose, si se toman las jubilaciones con bonos se puede observar que en el trimestre abril-junio de 2025 se ubican en un 15,7% por debajo del ultimo trimestre del gobierno anterior, con un bono congelado en $70.000 desde marzo de 2024.<\/p>\n\n\n\n<p><strong>Indicadores de Consumo<\/strong><\/p>\n\n\n\n<p>Los supermercados tienen como principal caracter\u00edstica la oferta de productos de primera necesidad, por lo tanto, el poder adquisitivo de sus clientes es diverso (ingresos bajos, medios y altos). Los centros comerciales (shoppings) ofrecen una variedad mayor de productos y servicios y tienen como p\u00fablico objetivo clientes de medio y alto poder adquisitivo.<\/p>\n\n\n\n<p>Al cotejar los datos actualizados de ambos \u00edndices respecto al mismo mes de a\u00f1os anteriores se obtuvieron los siguientes resultados categ\u00f3ricos.<br>Las compras en supermercados si bien han mostrado cierta recuperaci\u00f3n respecto al mismo mes del a\u00f1o anterior (2,9%), todav\u00eda est\u00e1n por debajo del mismo per\u00edodo del 2023 (-6,6%).<\/p>\n\n\n\n<p>Los shoppings, en cambio, han tenido un notorio repunte de en sus ventas respecto a marzo del a\u00f1o 2024 (26,8%), y hasta una notoria mejora del 12,5% sobre marzo 2023.<\/p>\n\n\n\n<p>Estos datos demuestran que, si bien estad\u00edsticamente hay una recuperaci\u00f3n econ\u00f3mica, la misma no es equitativa, y que, si hay alg\u00fan efecto \u201cderrame\u201d, ello se produce con notable mayor celeridad en los sectores con m\u00e1s poder adquisitivo.<\/p>\n\n\n\n<p><strong>Consumo de Carne<\/strong><\/p>\n\n\n\n<p>Analizando el consumo de carne en los cuatro primeros meses del 2025, se observa que la industria frigor\u00edfica vacuna produjo un total de 933 mil Toneladas en el primer cuatrimestre del 2025. Esto represent\u00f3 una igualaci\u00f3n en la comparaci\u00f3n con el mismo periodo del a\u00f1o anterior. Por otra parte, el consumo interno de la producci\u00f3n en los primeros cuatro meses del 2025 represent\u00f3 el76,7% de la producci\u00f3n total, siendo el resto saldo exportador. Adem\u00e1s, al observar la serie de consumo de carne vacuna por habitante desde 2005 al 2025 para abrilde cada a\u00f1o, se visualiza que el del 2025 fue el m\u00e1s bajo de la serie.<\/p>\n\n\n\n<figure class=\"wp-block-image\"><a href=\"https:\/\/agenfor.com.ar\/wp-content\/uploads\/2025\/05\/WhatsApp-Image-2025-05-30-at-7.31.06-PM.jpeg\"><img decoding=\"async\" src=\"https:\/\/agenfor.com.ar\/wp-content\/uploads\/2025\/05\/WhatsApp-Image-2025-05-30-at-7.31.06-PM.jpeg\" alt=\"\" class=\"wp-image-231040\"\/><\/a><\/figure>\n\n\n\n<p>Fuente: Elaboraci\u00f3n propia en base a datos de la CICCRA.<\/p>\n\n\n\n<p><strong>Comercializaci\u00f3n de vinos<\/strong><\/p>\n\n\n\n<p>Al analizar la comercializaci\u00f3n en el mercado interno de vinos en los tres primeros meses del 2025 se puede apreciar una suba del 5,9% acumulado respecto de igual periodo del 2024.Adem\u00e1s, si observamos la comercializaci\u00f3n seg\u00fan el tipo de vino, se aprecia que, \u201cSin Menci\u00f3n Varietal\u201d tuvo una suba del 4,8%. Mientras que si observamos \u201cOtros vinos\u201d tuvo un abrupto descenso del 10,01%, marcado por la ca\u00edda del vino Blanco del 25,2% dentro de este tipo de vino.<\/p>\n","protected":false},"excerpt":{"rendered":"<p>Tomando como fuente el Reporte del Observatorio de Tarifas y Subsidios del Instituto Interdisciplinario de<\/p>\n","protected":false},"author":8,"featured_media":67020,"comment_status":"closed","ping_status":"closed","sticky":false,"template":"","format":"standard","meta":{"footnotes":""},"categories":[1],"tags":[],"class_list":["post-67019","post","type-post","status-publish","format-standard","has-post-thumbnail","hentry","category-noticias"],"_links":{"self":[{"href":"https:\/\/24formosa.com.ar\/index.php?rest_route=\/wp\/v2\/posts\/67019","targetHints":{"allow":["GET"]}}],"collection":[{"href":"https:\/\/24formosa.com.ar\/index.php?rest_route=\/wp\/v2\/posts"}],"about":[{"href":"https:\/\/24formosa.com.ar\/index.php?rest_route=\/wp\/v2\/types\/post"}],"author":[{"embeddable":true,"href":"https:\/\/24formosa.com.ar\/index.php?rest_route=\/wp\/v2\/users\/8"}],"replies":[{"embeddable":true,"href":"https:\/\/24formosa.com.ar\/index.php?rest_route=%2Fwp%2Fv2%2Fcomments&post=67019"}],"version-history":[{"count":1,"href":"https:\/\/24formosa.com.ar\/index.php?rest_route=\/wp\/v2\/posts\/67019\/revisions"}],"predecessor-version":[{"id":67021,"href":"https:\/\/24formosa.com.ar\/index.php?rest_route=\/wp\/v2\/posts\/67019\/revisions\/67021"}],"wp:featuredmedia":[{"embeddable":true,"href":"https:\/\/24formosa.com.ar\/index.php?rest_route=\/wp\/v2\/media\/67020"}],"wp:attachment":[{"href":"https:\/\/24formosa.com.ar\/index.php?rest_route=%2Fwp%2Fv2%2Fmedia&parent=67019"}],"wp:term":[{"taxonomy":"category","embeddable":true,"href":"https:\/\/24formosa.com.ar\/index.php?rest_route=%2Fwp%2Fv2%2Fcategories&post=67019"},{"taxonomy":"post_tag","embeddable":true,"href":"https:\/\/24formosa.com.ar\/index.php?rest_route=%2Fwp%2Fv2%2Ftags&post=67019"}],"curies":[{"name":"wp","href":"https:\/\/api.w.org\/{rel}","templated":true}]}}