{"id":67016,"date":"2025-05-30T21:45:43","date_gmt":"2025-05-31T00:45:43","guid":{"rendered":"https:\/\/24formosa.com.ar\/?p=67016"},"modified":"2025-05-30T21:45:44","modified_gmt":"2025-05-31T00:45:44","slug":"la-planta-de-mezcla-de-nutricion-parenteral-extemporanea-de-laformed-que-habilito-el-gobernador-es-unica-en-la-region-del-nea","status":"publish","type":"post","link":"https:\/\/24formosa.com.ar\/?p=67016","title":{"rendered":"La Planta de Mezcla de Nutrici\u00f3n Parenteral Extempor\u00e1nea de Laformed que habilit\u00f3 el Gobernador es \u201c\u00fanica en la regi\u00f3n del NEA\u201d"},"content":{"rendered":"\n<p>Este viernes 30, el gobernador Gildo Insfr\u00e1n, encabez\u00f3 la habilitaci\u00f3n de la obra de ampliaci\u00f3n y modernizaci\u00f3n de la Planta de Mezcla de Nutrici\u00f3n Parenteral Extempor\u00e1nea de Laformed, laboratorio provincial que se encuentra en el Parque Industrial. All\u00ed tambi\u00e9n, en primer t\u00e9rmino, a las 10.15 horas, hizo lo propio con la nueva&nbsp;<a href=\"https:\/\/agenfor.com.ar\/2025\/05\/insfran-inauguro-la-unidad-de-control-del-parque-automotor-provincial\/\">Unidad de Control del Parque Automotor Provincial (UCPAP)<\/a>.<\/p>\n\n\n\n<p>El orador encargado de referirse a esta planta durante el acto de apertura, fue el presidente del Directorio de Laformed, Rodrigo G\u00f3mez, quien expres\u00f3 que \u201ces un profundo honor para m\u00ed tomar la palabra en este momento en nombre de mis compa\u00f1eros, casi 100 personas, que trabajan en la empresa\u201d.<\/p>\n\n\n\n<p>\u201cLlevamos adelante un proyecto colectivo que es m\u00e1s que una empresa. Laformed es la materializaci\u00f3n concreta de una visi\u00f3n estrat\u00e9gica, de una pol\u00edtica p\u00fablica que prioriza la salud p\u00fablica, que cree en la planificaci\u00f3n a largo plazo, que entiende que la excelencia del sistema sanitario es un derecho del pueblo\u201d, sostuvo.<\/p>\n\n\n\n<figure class=\"wp-block-image\"><a href=\"https:\/\/agenfor.com.ar\/wp-content\/uploads\/2025\/05\/inauguracion-LAFORMED_con-marca-6.jpg\"><img decoding=\"async\" src=\"https:\/\/agenfor.com.ar\/wp-content\/uploads\/2025\/05\/inauguracion-LAFORMED_con-marca-6-1024x682.jpg\" alt=\"\" class=\"wp-image-230954\"\/><\/a><\/figure>\n\n\n\n<p>En ese sentido, agradeci\u00f3 a Insfr\u00e1n por el apoyo y las pol\u00edticas p\u00fablicas que lleva adelante el gobierno que conduce porque la producci\u00f3n de p\u00fablica de medicamentos, repelentes, larvicidas e insecticidas son objeto de ellas.<\/p>\n\n\n\n<p>\u201cY est\u00e1n destinados a la poblaci\u00f3n, al ciudadano, que gracias a estas pol\u00edticas llegan de manera gratuita. Por eso, podemos decir con orgullo que gracias al acompa\u00f1amiento incondicional del Gobierno de la provincia de Formosa y a una pol\u00edtica de Estado sostenible en el tiempo, hemos dado un paso m\u00e1s dentro del proceso ambicioso y real de modernizaci\u00f3n que lleva adelante la empresa\u201d, manifest\u00f3.<\/p>\n\n\n\n<p>Asimismo, el responsable de Laformed aclar\u00f3 que \u201cno se trata solo de mejora de delicia, ni de incorporaci\u00f3n de tecnolog\u00eda, innovaci\u00f3n, aumento de producci\u00f3n\u201d, sino que \u201cestamos hablando de un salto de calidad que fortalece la capacidad productiva, mejora las condiciones laborales y sobre todo garantiza a\u00fan m\u00e1s la provisi\u00f3n de insumos sanitarios con los m\u00e1s altos est\u00e1ndares de seguridad y eficacia para el pueblo\u201d.<\/p>\n\n\n\n<p>Y ratific\u00f3 \u201cel orgullo\u201d de inaugurar la ampliaci\u00f3n y modernizaci\u00f3n de esta planta donde se producen formulaciones personalizadas que contienen amino\u00e1cidos, l\u00edpidos, vitaminas, todo por pedido de un m\u00e9dico y destinados para pacientes en situaciones de salud cr\u00edtica.<\/p>\n\n\n\n<p><strong>\u00danica en el NEA<\/strong><\/p>\n\n\n\n<p>Ante lo expuesto, G\u00f3mez asegur\u00f3 que \u201cla planta de nutrici\u00f3n parenteral extempor\u00e1nea es la \u00fanica en la regi\u00f3n del nordeste\u201d y confirm\u00f3 que, a nivel pa\u00eds, \u201csomos la \u00fanica empresa de producci\u00f3n p\u00fablica que produce este tipo de productos\u201d.<\/p>\n\n\n\n<p>\u201cEsto es gracias a una visi\u00f3n estrat\u00e9gica, a una decisi\u00f3n del Gobierno de la provincia y del gobernador Insfr\u00e1n, porque esto significa que en Formosa podemos producir con profesionales formose\u00f1os y para nuestro propio pueblo productos vitales para las personas m\u00e1s vulnerables, los reci\u00e9n nacidos de manera prematura\u201d, resalt\u00f3.<\/p>\n\n\n\n<p>Y agreg\u00f3: \u201cSi no tuvi\u00e9ramos esta planta en la provincia de Formosa, depender\u00edamos del env\u00edo de empresas multinacionales ubicadas en otras provincias, en otro pa\u00eds. Con demoras, con mayores costos, cayendo en el monopolio del mercado. Lo m\u00e1s grave es que tendr\u00edamos un acceso restringido al acceso del producto\u201d.<\/p>\n\n\n\n<p>Pero, celebr\u00f3 el Presidente de la empresa, \u201cen Formosa, no\u201d, porque \u201cac\u00e1 la salud es una cuesti\u00f3n de Estado con producci\u00f3n propia y logrando la tan anhelada soberan\u00eda sanitaria\u201d.<\/p>\n\n\n\n<p>\u201cTodos nuestros productos cuentan con un estricto control de calidad que asegura la trazabilidad, la eficacia y la seguridad del producto. Un claro ejemplo de esto son las habilitaciones nacionales que venimos teniendo por organismos nacionales, como por ejemplo la ANMAT\u201d, explic\u00f3.<\/p>\n\n\n\n<p>Y especific\u00f3: \u201cHoy la empresa cuenta con dos instalaciones aprobadas por ANMAT en cuanto a lo que tenga que ver con el establecimiento de producci\u00f3n de los productos, tanto de larvicida como de insecticida. Hoy estamos a la guarda de un segundo an\u00e1lisis que tenga que ver con el producto y la autorizaci\u00f3n definitiva\u201d.<\/p>\n\n\n\n<figure class=\"wp-block-image\"><a href=\"https:\/\/agenfor.com.ar\/wp-content\/uploads\/2025\/05\/inauguracion-LAFORMED_con-marca-4.jpg\"><img decoding=\"async\" src=\"https:\/\/agenfor.com.ar\/wp-content\/uploads\/2025\/05\/inauguracion-LAFORMED_con-marca-4-1024x682.jpg\" alt=\"\" class=\"wp-image-230952\"\/><\/a><\/figure>\n\n\n\n<p><strong>Prevenci\u00f3n efectiva y el cuidado permanente<\/strong><\/p>\n\n\n\n<p>A su vez, G\u00f3mez enumer\u00f3 productos como el paracetamol, ibuprofeno, amlodipina y enalapril, que fabrica la empresa en \u201cuna etapa de desarrollo en el \u00e1rea de la producci\u00f3n de los productos s\u00f3lidos\u201d.<\/p>\n\n\n\n<p>\u201cEstos productos pasan los controles de calidad de laboratorios de otras provincias. Corrientes, Buenos Aires, Chaco, lo cumplen satisfactoriamente asegurando la eficacia y la concentraci\u00f3n de la droga que contienen\u201d, asever\u00f3.<\/p>\n\n\n\n<p>Mencion\u00f3, tambi\u00e9n, la producci\u00f3n del repelente que ya es un hito de la salud p\u00fablica formose\u00f1a para combatir el flagelo del Dengue y demostr\u00f3 una eficacia continua de ocho horas.<\/p>\n\n\n\n<p>\u201cEn abril del 2024, mientras otras provincias sufr\u00edan brotes masivos, Formosa fue ejemplo nacional, con casos positivos m\u00ednimos. Y esto fue gracias a una planificaci\u00f3n, una visi\u00f3n y una decisi\u00f3n pol\u00edtica del Gobernador de la provincia, quien planific\u00f3 que Formosa cuente con una campa\u00f1a de prevenci\u00f3n contra el dengue, sostenida no solo en los meses cr\u00edticos, sino durante todo el a\u00f1o\u201d, se\u00f1al\u00f3.<\/p>\n\n\n\n<p>Y precis\u00f3 que este es un trabajo que lleva adelante la empresa, en coordinaci\u00f3n con los Ministerios, con la Brigada Sanitaria, con la Polic\u00eda de la provincia, los Municipios y otros organismos y que \u201cgarantiza el resultado que hoy celebramos, la prevenci\u00f3n efectiva y el cuidado permanente\u201d.<\/p>\n\n\n\n<p>En ese contexto, el titular de Laformed destac\u00f3 que \u201ctenemos previsibilidad, tenemos planificaci\u00f3n, tenemos soberan\u00eda\u201d porque \u201ccuando hay un Estado presente que cree en la ciencia, en sus trabajadores, en la producci\u00f3n local, se puede hacer mucho m\u00e1s que ante una emergencia, que es evitarla\u201d.<\/p>\n\n\n\n<p>\u201cDe esta situaci\u00f3n nace la misi\u00f3n de Laformed, abastecer y acompa\u00f1ar al sistema de salud p\u00fablica, junto con las pol\u00edticas p\u00fablicas, con capacidad de producci\u00f3n real. As\u00ed es Laformed, hecha en Formosa, por formose\u00f1o y para los formose\u00f1os\u201d, indic\u00f3.<\/p>\n\n\n\n<p>Y resalt\u00f3: \u201cParte esencial del Modelo Formose\u00f1o que no improvisa, que no abandona y que invierte para cuidar y garantizar los derechos\u201d.<\/p>\n\n\n\n<p>Por \u00faltimo, G\u00f3mez habl\u00f3 en nombre \u201cde quienes trabajamos todos los d\u00edas en esta planta\u201d y reafirm\u00f3 \u201cnuestro compromiso con el proyecto colectivo de gobierno, con la salud p\u00fablica, con la calidad, la innovaci\u00f3n y sobre todo con la justicia social\u201d.<\/p>\n\n\n\n<p>\u201cSigamos apostando al desarrollo de una identidad, sigamos trabajando juntos por una Formosa con m\u00e1s soberan\u00eda y haciendo m\u00e1s ciencia con compromiso social\u201d, cerr\u00f3.<\/p>\n","protected":false},"excerpt":{"rendered":"<p>Este viernes 30, el gobernador Gildo Insfr\u00e1n, encabez\u00f3 la habilitaci\u00f3n de la obra de ampliaci\u00f3n<\/p>\n","protected":false},"author":8,"featured_media":67017,"comment_status":"closed","ping_status":"closed","sticky":false,"template":"","format":"standard","meta":{"footnotes":""},"categories":[1],"tags":[],"class_list":["post-67016","post","type-post","status-publish","format-standard","has-post-thumbnail","hentry","category-noticias"],"_links":{"self":[{"href":"https:\/\/24formosa.com.ar\/index.php?rest_route=\/wp\/v2\/posts\/67016","targetHints":{"allow":["GET"]}}],"collection":[{"href":"https:\/\/24formosa.com.ar\/index.php?rest_route=\/wp\/v2\/posts"}],"about":[{"href":"https:\/\/24formosa.com.ar\/index.php?rest_route=\/wp\/v2\/types\/post"}],"author":[{"embeddable":true,"href":"https:\/\/24formosa.com.ar\/index.php?rest_route=\/wp\/v2\/users\/8"}],"replies":[{"embeddable":true,"href":"https:\/\/24formosa.com.ar\/index.php?rest_route=%2Fwp%2Fv2%2Fcomments&post=67016"}],"version-history":[{"count":1,"href":"https:\/\/24formosa.com.ar\/index.php?rest_route=\/wp\/v2\/posts\/67016\/revisions"}],"predecessor-version":[{"id":67018,"href":"https:\/\/24formosa.com.ar\/index.php?rest_route=\/wp\/v2\/posts\/67016\/revisions\/67018"}],"wp:featuredmedia":[{"embeddable":true,"href":"https:\/\/24formosa.com.ar\/index.php?rest_route=\/wp\/v2\/media\/67017"}],"wp:attachment":[{"href":"https:\/\/24formosa.com.ar\/index.php?rest_route=%2Fwp%2Fv2%2Fmedia&parent=67016"}],"wp:term":[{"taxonomy":"category","embeddable":true,"href":"https:\/\/24formosa.com.ar\/index.php?rest_route=%2Fwp%2Fv2%2Fcategories&post=67016"},{"taxonomy":"post_tag","embeddable":true,"href":"https:\/\/24formosa.com.ar\/index.php?rest_route=%2Fwp%2Fv2%2Ftags&post=67016"}],"curies":[{"name":"wp","href":"https:\/\/api.w.org\/{rel}","templated":true}]}}