{"id":67013,"date":"2025-05-30T21:43:36","date_gmt":"2025-05-31T00:43:36","guid":{"rendered":"https:\/\/24formosa.com.ar\/?p=67013"},"modified":"2025-05-30T21:43:38","modified_gmt":"2025-05-31T00:43:38","slug":"insfran-inauguro-la-unidad-de-control-del-parque-automotor-provincial","status":"publish","type":"post","link":"https:\/\/24formosa.com.ar\/?p=67013","title":{"rendered":"Insfr\u00e1n inaugur\u00f3 la Unidad de Control del Parque Automotor Provincial"},"content":{"rendered":"\n<p><em>Se trata de un complejo nuevo, ubicado en el Parque Industrial, donde trabajar\u00e1n 36 personas, que cuenta adem\u00e1s, con un taller de verificaci\u00f3n t\u00e9cnica, entre otras caracter\u00edsticas.<\/em><\/p>\n\n\n\n<p>Durante un acto llevado a cabo este viernes 30, que encabez\u00f3 el gobernador Gildo Insfr\u00e1n, qued\u00f3 inaugurada la Unidad de Control del Parque Automotor Provincial.<\/p>\n\n\n\n<p>Participaron de la ceremonia, el intendente Jorge Jofr\u00e9, legisladores nacionales, el jefe de Gabinete de Ministros, Antonio Ferreira, ministros del gabinete provincial, diputados provinciales, entre otras autoridades.<\/p>\n\n\n\n<p>Tras la entonaci\u00f3n del Himno Nacional Argentino y de la Marcha a Formosa, tom\u00f3 la palabra el subsecretario de Hacienda y Finanzas, Miguel Antinori, quien destac\u00f3 este emprendimiento en un escenario dif\u00edcil que vive el pa\u00eds, y la fortaleza del Modelo Formose\u00f1o, para continuar con la obra p\u00fablica, a pesar de los recortes nacionales.<\/p>\n\n\n\n<p>Destac\u00f3 que se trata de una instituci\u00f3n de car\u00e1cter fundacional en materia de atenci\u00f3n y conservaci\u00f3n de la flota de unidades&nbsp;que integran el parque automotor provincial.<\/p>\n\n\n\n<p>Se\u00f1al\u00f3 que tiene como objetivo el mantenimiento preventivo en el funcionamiento operativo del servicio de los veh\u00edculos en afectaci\u00f3n a las diferentes dependencias de la administraci\u00f3n provincial, que se incrementaron en forma sustantiva recientemente, para mejorar las distintas \u00e1reas del Estado.<\/p>\n\n\n\n<p>Explic\u00f3 Antinori que la Unidad est\u00e1 dotada con el equipamiento en diagn\u00f3stico y atenci\u00f3n de veh\u00edculos que apuntan a la integralidad en su conservaci\u00f3n, proponiendo asimismo su alta y an\u00e1lisis de evoluci\u00f3n a la base de datos de la Unidad Provincial de Sistemas y Tecnolog\u00edas de Informaci\u00f3n (UPSTI) que registrar\u00e1 su historial de mantenimiento y atenci\u00f3n.<\/p>\n\n\n\n<figure class=\"wp-block-image\"><a href=\"https:\/\/agenfor.com.ar\/wp-content\/uploads\/2025\/05\/1cfb6390-a049-4077-8d8e-36b32792025f.jpeg\"><img decoding=\"async\" src=\"https:\/\/agenfor.com.ar\/wp-content\/uploads\/2025\/05\/1cfb6390-a049-4077-8d8e-36b32792025f-1024x682.jpeg\" alt=\"\" class=\"wp-image-230926\"\/><\/a><\/figure>\n\n\n\n<p>Dijo adem\u00e1s que posibilitar\u00e1 una variedad de servicios, desde un cambio de aceite y filtros, hasta reparaciones complejas de motores y sistemas, servicios atendidos por profesionales y t\u00e9cnicos formose\u00f1os, calificados luego de su correspondiente capacitaci\u00f3n, para garantizar los m\u00e1s altos est\u00e1ndares de calidad.<\/p>\n\n\n\n<p>Adelant\u00f3, asimismo, que se encuentran avanzadas las gestiones con universidades, para que presten el servicio de capacitaci\u00f3n a los choferes de los veh\u00edculos oficiales, buscando as\u00ed la optimizaci\u00f3n de este valioso recurso humano.<\/p>\n\n\n\n<p>Reiter\u00f3 que \u201clos objetivos y precisiones descriptos para el accionar de esta Unidad se inscriben en las l\u00edneas directrices del Modelo Formose\u00f1o, que en el marco de la planificaci\u00f3n propone y demuestra al pa\u00eds la posibilidad de poder afirmar que es absolutamente viable la compatibilidad de gesti\u00f3n de un Estado presente y a la par eficiente\u201d, cerr\u00f3.<\/p>\n\n\n\n<p>Luego, fue el turno del presidente del directorio del Laboratorio de Especialidades M\u00e9dicas de Formosa (Laformed), Rodrigo G\u00f3mez, quien se refiri\u00f3 a la inauguraci\u00f3n de la nueva planta de Elaboraci\u00f3n de Mezcla de Nutrici\u00f3n Parenteral Extempor\u00e1nea, \u00fanica en el NEA, en el mismo acto.<\/p>\n\n\n\n<figure class=\"wp-block-image\"><a href=\"https:\/\/agenfor.com.ar\/wp-content\/uploads\/2025\/05\/5030574750493158890.jpg\"><img decoding=\"async\" src=\"https:\/\/agenfor.com.ar\/wp-content\/uploads\/2025\/05\/5030574750493158890-1024x682.jpg\" alt=\"\" class=\"wp-image-230946\"\/><\/a><\/figure>\n\n\n\n<p>Seguidamente, se dirigi\u00f3 a los presentes el diputado provincial Agust\u00edn Samaniego, aspirante a renovar su banca en las elecciones del 29 de junio, por el Frente de la Victoria.<\/p>\n\n\n\n<p>El acto continu\u00f3 con el corte de cintas de inauguraci\u00f3n a cargo del gobernador Insfr\u00e1n, dejando habilitadas las instalaciones de la flamante Unidad de Control del Parque Automotor Provincial. Luego, se efectu\u00f3 una recorrida por las instalaciones.<\/p>\n\n\n\n<p><strong>UCPAP<\/strong><\/p>\n\n\n\n<p>Uno de los responsables de la UCPAP, el ingeniero Santiago Amarilla, precis\u00f3 a la&nbsp;<strong><em>Agencia de Noticias Formosa<\/em><\/strong>&nbsp;<strong><em>(AGENFOR)&nbsp;<\/em><\/strong>que la Unidad llevar\u00e1 el control del parque automotor estatal, mencionando a patrulleros y ambulancias, entre otros veh\u00edculos, y destac\u00f3 que se trata de una gran inversi\u00f3n del Gobierno provincial, no s\u00f3lo en infraestructura, sino en equipamiento, repuestos y capacitaci\u00f3n de t\u00e9cnicos.<\/p>\n\n\n\n<figure class=\"wp-block-image\"><a href=\"https:\/\/agenfor.com.ar\/wp-content\/uploads\/2025\/05\/8916316a-41ee-40cd-8972-7b922b1d7754.jpeg\"><img decoding=\"async\" src=\"https:\/\/agenfor.com.ar\/wp-content\/uploads\/2025\/05\/8916316a-41ee-40cd-8972-7b922b1d7754.jpeg\" alt=\"\" class=\"wp-image-230924\"\/><\/a><\/figure>\n\n\n\n<p>Operativamente, explic\u00f3 que funcionar\u00e1 con 13 \u00e1reas de trabajo, una exclusivamente para reparaciones y recondicionamiento de equipo diesel, adem\u00e1s de \u00e1reas de servicios como repuestos, lubricaci\u00f3n, capacitaci\u00f3n para personal y choferes.<\/p>\n\n\n\n<p>Enfatiz\u00f3 que el lugar se encuentra a la altura de cualquier otro taller de alto rendimiento, con mano de obra calificada para tal fin, destacando que el plantel m\u00ednimo est\u00e1 conformado por 36 personas.<\/p>\n\n\n\n<p>Coment\u00f3 que la Unidad cuenta incluso con una calle de prueba, que es \u201cun \u00e1rea que se compone de un equipo especial similar a una RTO, que tiene control de frenos, suspensi\u00f3n y holguras\u201d, entre otros detalles.<\/p>\n\n\n\n<p>Precis\u00f3 que la Unidad era muy necesaria teniendo en cuenta la modernidad de los veh\u00edculos con que cuenta la provincia, en permanente crecimiento. \u201cPocas veces vi algo as\u00ed. Yo he visto parques bastante potentes, &nbsp;pero del sector privado, nunca del sector p\u00fablico. As\u00ed que realmente es notable esto\u201d, remarc\u00f3.<\/p>\n","protected":false},"excerpt":{"rendered":"<p>Se trata de un complejo nuevo, ubicado en el Parque Industrial, donde trabajar\u00e1n 36 personas,<\/p>\n","protected":false},"author":8,"featured_media":67014,"comment_status":"closed","ping_status":"closed","sticky":false,"template":"","format":"standard","meta":{"footnotes":""},"categories":[1],"tags":[],"class_list":["post-67013","post","type-post","status-publish","format-standard","has-post-thumbnail","hentry","category-noticias"],"_links":{"self":[{"href":"https:\/\/24formosa.com.ar\/index.php?rest_route=\/wp\/v2\/posts\/67013","targetHints":{"allow":["GET"]}}],"collection":[{"href":"https:\/\/24formosa.com.ar\/index.php?rest_route=\/wp\/v2\/posts"}],"about":[{"href":"https:\/\/24formosa.com.ar\/index.php?rest_route=\/wp\/v2\/types\/post"}],"author":[{"embeddable":true,"href":"https:\/\/24formosa.com.ar\/index.php?rest_route=\/wp\/v2\/users\/8"}],"replies":[{"embeddable":true,"href":"https:\/\/24formosa.com.ar\/index.php?rest_route=%2Fwp%2Fv2%2Fcomments&post=67013"}],"version-history":[{"count":1,"href":"https:\/\/24formosa.com.ar\/index.php?rest_route=\/wp\/v2\/posts\/67013\/revisions"}],"predecessor-version":[{"id":67015,"href":"https:\/\/24formosa.com.ar\/index.php?rest_route=\/wp\/v2\/posts\/67013\/revisions\/67015"}],"wp:featuredmedia":[{"embeddable":true,"href":"https:\/\/24formosa.com.ar\/index.php?rest_route=\/wp\/v2\/media\/67014"}],"wp:attachment":[{"href":"https:\/\/24formosa.com.ar\/index.php?rest_route=%2Fwp%2Fv2%2Fmedia&parent=67013"}],"wp:term":[{"taxonomy":"category","embeddable":true,"href":"https:\/\/24formosa.com.ar\/index.php?rest_route=%2Fwp%2Fv2%2Fcategories&post=67013"},{"taxonomy":"post_tag","embeddable":true,"href":"https:\/\/24formosa.com.ar\/index.php?rest_route=%2Fwp%2Fv2%2Ftags&post=67013"}],"curies":[{"name":"wp","href":"https:\/\/api.w.org\/{rel}","templated":true}]}}