{"id":67010,"date":"2025-05-28T21:34:43","date_gmt":"2025-05-29T00:34:43","guid":{"rendered":"https:\/\/24formosa.com.ar\/?p=67010"},"modified":"2025-05-28T21:34:43","modified_gmt":"2025-05-29T00:34:43","slug":"el-personal-de-los-laboratorios-provinciales-recibio-una-importante-capacitacion","status":"publish","type":"post","link":"https:\/\/24formosa.com.ar\/?p=67010","title":{"rendered":"El personal de los laboratorios provinciales recibi\u00f3 una importante capacitaci\u00f3n"},"content":{"rendered":"\n<p><em>Bioseguridad y extracci\u00f3n de sangre al vac\u00edo fueron los principales temas desarrollados.<\/em><\/p>\n\n\n\n<p>El lunes 26 de mayo, en el sal\u00f3n auditorio del Hospital Odontol\u00f3gico de Complejidad Integrada, tuvo lugar una nueva capacitaci\u00f3n dirigida al personal de los laboratorios de los centros de salud y hospitales de toda la provincia, organizada por la Direcci\u00f3n de Laboratorio Provincial de Referencia.<\/p>\n\n\n\n<p>Los temas abordados fueron bioseguridad, evaluaci\u00f3n de riesgo, calidad en la toma de muestra y calidad de la muestra. \u201cCada uno de estos ejes apuntan a la bioseguridad en la extracci\u00f3n, principalmente para evitar que el profesional que trabaja en el laboratorio tenga un accidente al momento de trabajo\u201d, coment\u00f3 el director del mencionado organismo, el bioqu\u00edmico Juan Carlos Atencia.<\/p>\n\n\n\n<p>La jornada de formaci\u00f3n, abarc\u00f3 tambi\u00e9n otro punto fundamental, la extracci\u00f3n de sangre al vac\u00edo \u201cun sistema de extracci\u00f3n con el que actualmente cuentan la mayor\u00eda de los laboratorios de la provincia\u201d.<\/p>\n\n\n\n<p>Dicha instancia tuvo una parte pr\u00e1ctica \u201cen la que se hizo una demostraci\u00f3n\u201d y a la vez \u201clos participantes tuvieron la oportunidad de practicar con un simulador, con los tubos y dem\u00e1s elementos que se utilizan para extracci\u00f3n al vac\u00edo, que permite ver que con este m\u00e9todo no se tiene contacto ni con los fluidos ni con los elementos cortopunzantes\u201d, detall\u00f3 el profesional.<\/p>\n\n\n\n<figure class=\"wp-block-image\"><a href=\"https:\/\/agenfor.com.ar\/wp-content\/uploads\/2025\/05\/Capacitacion-personal-de-laboratorios-de-la-provincia.jpeg\"><img decoding=\"async\" src=\"https:\/\/agenfor.com.ar\/wp-content\/uploads\/2025\/05\/Capacitacion-personal-de-laboratorios-de-la-provincia-1024x768.jpeg\" alt=\"\" class=\"wp-image-230553\"\/><\/a><\/figure>\n\n\n\n<p>Seguidamente, indic\u00f3 que la capacitaci\u00f3n estuvo destinada a todo el personal que trabaja en la red de laboratorios provinciales, especialmente a los bioqu\u00edmicos, t\u00e9cnicos y enfermeros \u201ccomo una forma m\u00e1s, de reconocimiento y agradecimiento a la tarea que realizan diariamente\u201d.<\/p>\n\n\n\n<p>Atencia puso de relieve, que \u201cel Ministerio de Desarrollo Humano viene haciendo esto desde hace tiempo\u201d teniendo en cuenta que el Gobierno de la provincia \u201cviene adquiriendo los equipos e insumospara extracci\u00f3n de sangre al vac\u00edo, adem\u00e1s de los convencionales, y haciendo entrega de los mismos a los hospitales y centros de salud para que puedan implementar ese sistema de extracci\u00f3n\u201d.<\/p>\n\n\n\n<p>Hizo notar en tanto, que la Direcci\u00f3n de Laboratorio Provincial de referencia \u201cviene trabajando muy fuertementepara impulsar cada vez mejor y mayor calidad en los laboratorios distribuidos en toda la provincia, difundiendo y concientizando sobre las buenas normas bioqu\u00edmicas\u201d.<\/p>\n\n\n\n<p>Mencionado que, por eso \u201ces muy importante\u201d que peri\u00f3dicamente se concreten este tipo de capacitaciones y puedan reforzarse los conocimientos en relaci\u00f3n al tema. \u201cAnteriormente, ya tuvimos un encuentro similar y ahora, avanzamos y ampliamos un poco m\u00e1s los temas\u201d, expuso.<\/p>\n\n\n\n<p>\u201cFue una jornada muy positiva\u201d, valor\u00f3, marcando que tuvo una numerosa asistencia de los equipos, tanto de la Capital como del interior. \u201cVinieron de San Mart\u00edn Dos, Villa Dos Trece, El Colorado, entre otros tantos lugares y de los efectores de los diferentes sectores de la Capital\u201d, agreg\u00f3.<\/p>\n\n\n\n<p>\u201cComo siempre, agradecemos el apoyo del Gobierno de la provincia de Formosa y del Ministerio de Desarrollo Humano para poder llevar adelante estas capacitaciones para el personal que son todo un \u00e9xito\u201d, afirm\u00f3 en el cierre.<\/p>\n","protected":false},"excerpt":{"rendered":"<p>Bioseguridad y extracci\u00f3n de sangre al vac\u00edo fueron los principales temas desarrollados. El lunes 26<\/p>\n","protected":false},"author":8,"featured_media":67011,"comment_status":"closed","ping_status":"closed","sticky":false,"template":"","format":"standard","meta":{"footnotes":""},"categories":[1],"tags":[],"class_list":["post-67010","post","type-post","status-publish","format-standard","has-post-thumbnail","hentry","category-noticias"],"_links":{"self":[{"href":"https:\/\/24formosa.com.ar\/index.php?rest_route=\/wp\/v2\/posts\/67010","targetHints":{"allow":["GET"]}}],"collection":[{"href":"https:\/\/24formosa.com.ar\/index.php?rest_route=\/wp\/v2\/posts"}],"about":[{"href":"https:\/\/24formosa.com.ar\/index.php?rest_route=\/wp\/v2\/types\/post"}],"author":[{"embeddable":true,"href":"https:\/\/24formosa.com.ar\/index.php?rest_route=\/wp\/v2\/users\/8"}],"replies":[{"embeddable":true,"href":"https:\/\/24formosa.com.ar\/index.php?rest_route=%2Fwp%2Fv2%2Fcomments&post=67010"}],"version-history":[{"count":1,"href":"https:\/\/24formosa.com.ar\/index.php?rest_route=\/wp\/v2\/posts\/67010\/revisions"}],"predecessor-version":[{"id":67012,"href":"https:\/\/24formosa.com.ar\/index.php?rest_route=\/wp\/v2\/posts\/67010\/revisions\/67012"}],"wp:featuredmedia":[{"embeddable":true,"href":"https:\/\/24formosa.com.ar\/index.php?rest_route=\/wp\/v2\/media\/67011"}],"wp:attachment":[{"href":"https:\/\/24formosa.com.ar\/index.php?rest_route=%2Fwp%2Fv2%2Fmedia&parent=67010"}],"wp:term":[{"taxonomy":"category","embeddable":true,"href":"https:\/\/24formosa.com.ar\/index.php?rest_route=%2Fwp%2Fv2%2Fcategories&post=67010"},{"taxonomy":"post_tag","embeddable":true,"href":"https:\/\/24formosa.com.ar\/index.php?rest_route=%2Fwp%2Fv2%2Ftags&post=67010"}],"curies":[{"name":"wp","href":"https:\/\/api.w.org\/{rel}","templated":true}]}}