{"id":67007,"date":"2025-05-28T21:32:14","date_gmt":"2025-05-29T00:32:14","guid":{"rendered":"https:\/\/24formosa.com.ar\/?p=67007"},"modified":"2025-05-28T21:32:14","modified_gmt":"2025-05-29T00:32:14","slug":"conmemoraron-aniversario-de-creacion-del-instituto-de-formacion-y-capacitacion-para-el-personal-subalterno-de-la-policia","status":"publish","type":"post","link":"https:\/\/24formosa.com.ar\/?p=67007","title":{"rendered":"Conmemoraron aniversario de creaci\u00f3n del Instituto de Formaci\u00f3n y Capacitaci\u00f3n para el Personal Subalterno de la Polic\u00eda"},"content":{"rendered":"\n<p><em>La exEscuela de Suboficiales y Agentes de la Polic\u00eda de la provincia de Formosa, conocida en la actualidad como Instituto de Formaci\u00f3n y Capacitaci\u00f3n para el Personal Subalterno, cumpli\u00f3 37 a\u00f1os y, en ese marco, se firmaron convenios de cooperaci\u00f3n para la capacitaci\u00f3n en turismo de cadetes, aspirantes a agentes y efectivos en actividad.<\/em><\/p>\n\n\n\n<p>El instrumento fue rubricado por los ministros de Gobierno, Justicia, Seguridad y Trabajo, Jorge Abel Gonz\u00e1lez, y de Turismo de la provincia, Silvia Segovia, por el cual se brindar\u00e1n talleres de sensibilizaci\u00f3n tur\u00edstica destinados al personal policial.<\/p>\n\n\n\n<p>La ceremonia se realiz\u00f3 este mi\u00e9rcoles 28, por la ma\u00f1ana, en las instalaciones del Instituto Superior de Formaci\u00f3n Policial (exEscuela de Cadetes) del barrio San Antonio de la ciudad capital.<\/p>\n\n\n\n<p>Fue presidida por el ministro de Gobierno, el doctor Gonz\u00e1lez, acompa\u00f1ado por el jefe de Polic\u00eda, comisario general Juan Mois\u00e9s Villagra, y el subjefe, comisario general Norberto Rub\u00e9n Mauri.<\/p>\n\n\n\n<figure class=\"wp-block-image\"><a href=\"https:\/\/agenfor.com.ar\/wp-content\/uploads\/2025\/05\/Conmemoraron-aniversario-de-creacion-del-Instituto-2.jpeg\"><img decoding=\"async\" src=\"https:\/\/agenfor.com.ar\/wp-content\/uploads\/2025\/05\/Conmemoraron-aniversario-de-creacion-del-Instituto-2-1024x682.jpeg\" alt=\"\" class=\"wp-image-230611\"\/><\/a><\/figure>\n\n\n\n<p>Tambi\u00e9n asistieron el ministro de Cultura y Educaci\u00f3n de la provincia, el ingeniero Julio Ar\u00e1oz, y la ministra de Turismo, la doctora Segovia; as\u00ed como comisarios generales que integran la plana mayor policial, el director general de Institutos Policiales, comisario mayor Alfredo Daniel Garro; la directora del Instituto de Formaci\u00f3n y Capacitaci\u00f3n del Personal Subalterno, comisario M\u00f3nica Cantoni; oficiales superiores, jefes, subalternos y personal subalterno con prestaci\u00f3n de servicios en la ciudad capital, personal subalterno en situaci\u00f3n de retiro, plantel de profesores, instructores, cuerpo de aspirantes, entre otros.<\/p>\n\n\n\n<p>Tras las entonaciones del Himno Nacional Argentino y Marcha a Formosa, se ley\u00f3 el instrumento legal mediante el cual la Jefatura de Polic\u00eda se adhiri\u00f3 al acontecimiento.<\/p>\n\n\n\n<p>Luego se entregaron testimonios de reconocimiento por la trayectoria dentro de esta casa de estudios a las autoridades y suboficiales que marcaron sus pasos en diferentes promociones.<\/p>\n\n\n\n<figure class=\"wp-block-image\"><a href=\"https:\/\/agenfor.com.ar\/wp-content\/uploads\/2025\/05\/Conmemoraron-aniversario-de-creacion-del-Instituto-5.jpeg\"><img decoding=\"async\" src=\"https:\/\/agenfor.com.ar\/wp-content\/uploads\/2025\/05\/Conmemoraron-aniversario-de-creacion-del-Instituto-5-1024x682.jpeg\" alt=\"\" class=\"wp-image-230613\"\/><\/a><\/figure>\n\n\n\n<p>Durante su discurso, el ministro Gonz\u00e1lez destac\u00f3 la importancia de la firma de convenio y record\u00f3 que este 28 de mayo se cumpli\u00f3 un aniversario m\u00e1s de la firma del Acta de Reparaci\u00f3n Hist\u00f3rica entre el gobernador Gildo Insfr\u00e1n y el presidente N\u00e9stor Kirchner en 2003.<\/p>\n\n\n\n<p>Asimismo, indic\u00f3 que \u201cla firma de estos dos convenios, uno marco y otro espec\u00edfico, con la Ministra de Turismo tiene por objetivo mejorar la hospitalidad y fortalecer los contenidos con los que nuestros polic\u00edas reciben a quienes nos visitan\u201d.<\/p>\n\n\n\n<p>Y remarc\u00f3 que uno de los organismos del Estado que tiene presencia en todo el territorio provincial es la Polic\u00eda.<\/p>\n\n\n\n<p>\u201cLa caracter\u00edstica que resalta de nuestra Polic\u00eda es la amabilidad que tiene. Nuestra Ministra de Turismo nos invita a fortalecer esas cualidades que tienen los polic\u00edas y que hacen al turismo. M\u00e1s adelante habr\u00e1 otros convenios espec\u00edficos para cuidar espacios tur\u00edsticos con delicadeza\u201d, expres\u00f3.<\/p>\n\n\n\n<figure class=\"wp-block-image\"><a href=\"https:\/\/agenfor.com.ar\/wp-content\/uploads\/2025\/05\/Conmemoraron-aniversario-de-creacion-del-Instituto-3.jpeg\"><img decoding=\"async\" src=\"https:\/\/agenfor.com.ar\/wp-content\/uploads\/2025\/05\/Conmemoraron-aniversario-de-creacion-del-Instituto-3-1024x682.jpeg\" alt=\"\" class=\"wp-image-230617\"\/><\/a><\/figure>\n","protected":false},"excerpt":{"rendered":"<p>La exEscuela de Suboficiales y Agentes de la Polic\u00eda de la provincia de Formosa, conocida<\/p>\n","protected":false},"author":8,"featured_media":67008,"comment_status":"closed","ping_status":"closed","sticky":false,"template":"","format":"standard","meta":{"footnotes":""},"categories":[1],"tags":[],"class_list":["post-67007","post","type-post","status-publish","format-standard","has-post-thumbnail","hentry","category-noticias"],"_links":{"self":[{"href":"https:\/\/24formosa.com.ar\/index.php?rest_route=\/wp\/v2\/posts\/67007","targetHints":{"allow":["GET"]}}],"collection":[{"href":"https:\/\/24formosa.com.ar\/index.php?rest_route=\/wp\/v2\/posts"}],"about":[{"href":"https:\/\/24formosa.com.ar\/index.php?rest_route=\/wp\/v2\/types\/post"}],"author":[{"embeddable":true,"href":"https:\/\/24formosa.com.ar\/index.php?rest_route=\/wp\/v2\/users\/8"}],"replies":[{"embeddable":true,"href":"https:\/\/24formosa.com.ar\/index.php?rest_route=%2Fwp%2Fv2%2Fcomments&post=67007"}],"version-history":[{"count":1,"href":"https:\/\/24formosa.com.ar\/index.php?rest_route=\/wp\/v2\/posts\/67007\/revisions"}],"predecessor-version":[{"id":67009,"href":"https:\/\/24formosa.com.ar\/index.php?rest_route=\/wp\/v2\/posts\/67007\/revisions\/67009"}],"wp:featuredmedia":[{"embeddable":true,"href":"https:\/\/24formosa.com.ar\/index.php?rest_route=\/wp\/v2\/media\/67008"}],"wp:attachment":[{"href":"https:\/\/24formosa.com.ar\/index.php?rest_route=%2Fwp%2Fv2%2Fmedia&parent=67007"}],"wp:term":[{"taxonomy":"category","embeddable":true,"href":"https:\/\/24formosa.com.ar\/index.php?rest_route=%2Fwp%2Fv2%2Fcategories&post=67007"},{"taxonomy":"post_tag","embeddable":true,"href":"https:\/\/24formosa.com.ar\/index.php?rest_route=%2Fwp%2Fv2%2Ftags&post=67007"}],"curies":[{"name":"wp","href":"https:\/\/api.w.org\/{rel}","templated":true}]}}