{"id":67004,"date":"2025-05-28T21:30:46","date_gmt":"2025-05-29T00:30:46","guid":{"rendered":"https:\/\/24formosa.com.ar\/?p=67004"},"modified":"2025-05-28T21:30:46","modified_gmt":"2025-05-29T00:30:46","slug":"soberania-alimentaria-formosena-acercara-la-venta-de-alimentos-frescos-al-barrio-8-de-octubre","status":"publish","type":"post","link":"https:\/\/24formosa.com.ar\/?p=67004","title":{"rendered":"Soberan\u00eda Alimentaria Formose\u00f1a acercar\u00e1 la venta de alimentos frescos al barrio 8 de Octubre"},"content":{"rendered":"\n<p><em>As\u00ed tambi\u00e9n, esta semana habr\u00e1 jornadas en los cuatro puntos fijos de comercializaci\u00f3n de manera habitual.<\/em><\/p>\n\n\n\n<p>En un contexto nacional de inestabilidad en los valores de los alimentos, en Formosa, la pol\u00edtica p\u00fablica del Programa Provincial Soberan\u00eda Alimentaria Formose\u00f1a desarrolla cada semana jornadas de comercializaci\u00f3n en sus puntos fijos, como tambi\u00e9n de manera itinerante, llegando as\u00ed a una mayor parte de la poblaci\u00f3n.<\/p>\n\n\n\n<p>Bajo ese prop\u00f3sito, SAF visitar\u00e1 esta semana el barrio 8 de Octubre de la ciudad capital y abrir\u00e1 las puertas de sus locales habilitados.<\/p>\n\n\n\n<p><strong>El cronograma<\/strong><\/p>\n\n\n\n<p>Comenzar\u00e1 el jueves 22, con la apertura de sus centros fijos de comercializaci\u00f3n en la Capital, ubicados en Avenida N\u00e9stor Kirchner 1855 del barrio San Pedro; Avenida N\u00e9stor Kirchner 5595 del barrio 12 de Octubre; Avenida Arturo Frondizi 4205 del barrio Virgen del Rosario y la calle Paula Albarrac\u00edn 2735 del barrio Sim\u00f3n Bol\u00edvar.<\/p>\n\n\n\n<p>El viernes 30, en tanto, la venta se trasladar\u00e1 al barrio 8 de Octubre frente al centro de salud.<\/p>\n\n\n\n<p>A su vez, el s\u00e1bado 31 se replicar\u00e1n las ediciones en los centros fijos de ventas mencionados anteriormente. Todas ser\u00e1n desde las 7.30 hasta las 12.30 horas.<\/p>\n\n\n\n<p><strong>Los alimentos<\/strong><\/p>\n\n\n\n<figure class=\"wp-block-image\"><a href=\"https:\/\/agenfor.com.ar\/wp-content\/uploads\/2025\/05\/Soberania-puntos-fijos-3.jpg\"><img decoding=\"async\" src=\"https:\/\/agenfor.com.ar\/wp-content\/uploads\/2025\/05\/Soberania-puntos-fijos-3-1024x1024.jpg\" alt=\"\" class=\"wp-image-230622\"\/><\/a><\/figure>\n\n\n\n<p>Se dispondr\u00e1 de alimentos frescos ofrecidos por familias paipperas como ser frutas, verduras y hortalizas de estaci\u00f3n. Entre ellos, acelga a $500 el mazo; cebollita a $500 el mazo; r\u00facula por mazo a $500; achicoria por mazo a $400; perejil por mazo a $500; mandioca por kilo a $500; batata por kilo a $1000 y morr\u00f3n a $2200.<\/p>\n\n\n\n<p>Del mismo modo, zapallito a $1000; zanahoria a $1000; pepino $1000; lechuga a $1500; calabaza por kilo a $800; cebolla por kilo a $800; tomate por kilo a $2000 y zapallo cabuto por kilo a $1000.<\/p>\n\n\n\n<p><strong>Productos c\u00e1rnicos<\/strong><\/p>\n\n\n\n<p>El frigor\u00edfico \u201cAbastecedora Pueblo\u201d comercializar\u00e1 costilla a $5950; vac\u00edo $6950 el kilo; costeleta por kilo a $6550; falda por kilo a $4550; pulpa por kilo a $7850; vac\u00edo por kilo a $6950; lomito por kilo a $8850; marucha por kilo a $5850; molida por kilo a $6000 y puchero por kilo a $1650.<\/p>\n\n\n\n<p>Por su parte, la red \u201cLos Nenecos\u201d ofrecer\u00e1 una propuesta que se compone de costilla de novillo a $5990 el kilo; por plancha con vac\u00edo a $6200; matambre de novillo a $7500; vac\u00edo de novillo a $7990; corte americano a $5990; costeleta a $5990 por kilo y punta de falda a $4500 el kilo<\/p>\n\n\n\n<p>Se sumar\u00e1n adem\u00e1s cortes de cerdo como carr\u00e9 de cerdo a $5500; pechito a $5500; paleta a $5300; pernil cortado a $5800 por kilo; pernil por pieza a $5700 y vac\u00edo a $6500.<\/p>\n\n\n\n<p><strong>Gas<\/strong><\/p>\n\n\n\n<p>Como en cada edici\u00f3n, la empresa provincial REFSA Gas comercializar\u00e1 la garrafa de GLP de 10 kilogramos a un precio acordado de $15.000; con la posibilidad de abonar con dinero en efectivo y mediante la aplicaci\u00f3n \u201cOnda\u201d del Banco Formosa.&nbsp;<\/p>\n\n\n\n<p><strong>Otros rubros<\/strong><\/p>\n\n\n\n<p>Se ofrecer\u00e1n tambi\u00e9n todos los productos caracter\u00edsticos del esquema tales como l\u00e1cteos, arroz, harinas de trigo y de ma\u00edz, yerba mate, az\u00facar, panificados, huevos de granja, pur\u00e9 de tomate, aceite de girasol y enlatados.<\/p>\n\n\n\n<figure class=\"wp-block-image\"><a href=\"https:\/\/agenfor.com.ar\/wp-content\/uploads\/2025\/05\/Soberania-puntos-fijos-2.jpg\"><img decoding=\"async\" src=\"https:\/\/agenfor.com.ar\/wp-content\/uploads\/2025\/05\/Soberania-puntos-fijos-2-1024x1024.jpg\" alt=\"\" class=\"wp-image-230623\"\/><\/a><\/figure>\n\n\n\n<p><strong>Los precios m\u00e1s altos<\/strong><\/p>\n\n\n\n<p>En cada oportunidad en que se analiza la relevancia de pol\u00edticas p\u00fablicas alimentarias, se parte de los datos nacionales e internacionales en relaci\u00f3n a valores econ\u00f3micos y la accesibilidad a los productos para la comunidad, en este caso, los alimentos.<\/p>\n\n\n\n<p>En ese sentido, durante estos \u00faltimos d\u00edas se dio a conocer un relevamiento del Instituto&nbsp;de&nbsp;Estudios sobre la&nbsp;Realidad&nbsp;Argentina y Latinoamericana (IERAL), de la Fundaci\u00f3n Mediterr\u00e1nea, en el que se menciona que los precios de los alimentos y bebidas en Argentina, comparando con 10 productos de 10, son&nbsp;m\u00e1s caros en un 48% de los casos.<\/p>\n\n\n\n<p>El informe expresa que \u201cArgentina resulta m\u00e1s cara que pa\u00edses como&nbsp;Brasil, EE.UU., Polonia, Australia, Corea del Sur, Chile, Francia, China y M\u00e9xico.&nbsp;El pa\u00eds es m\u00e1s costoso en un 91% de los casos cuando se trata de bienes durables, indumentaria y calzado; en un 48% en alimentos y bebidas y en un 36% en los servicios personales y familiares\u201d.<\/p>\n\n\n\n<p>Es por ello que, desde la coordinaci\u00f3n ejecutiva de programas como Soberan\u00eda Alimentaria Formose\u00f1a, se insiste en el hecho de distinguir el beneficio social que significa la pol\u00edtica p\u00fablica de esta acci\u00f3n del Gobierno de Formosa.<\/p>\n\n\n\n<p>Es necesario disponer de los alimentos para el consumo local y que los mismos se encuentren accesibles a las familias formose\u00f1as, a precios razonables y con buena calidad.<\/p>\n","protected":false},"excerpt":{"rendered":"<p>As\u00ed tambi\u00e9n, esta semana habr\u00e1 jornadas en los cuatro puntos fijos de comercializaci\u00f3n de manera<\/p>\n","protected":false},"author":8,"featured_media":67005,"comment_status":"closed","ping_status":"closed","sticky":false,"template":"","format":"standard","meta":{"footnotes":""},"categories":[1],"tags":[],"class_list":["post-67004","post","type-post","status-publish","format-standard","has-post-thumbnail","hentry","category-noticias"],"_links":{"self":[{"href":"https:\/\/24formosa.com.ar\/index.php?rest_route=\/wp\/v2\/posts\/67004","targetHints":{"allow":["GET"]}}],"collection":[{"href":"https:\/\/24formosa.com.ar\/index.php?rest_route=\/wp\/v2\/posts"}],"about":[{"href":"https:\/\/24formosa.com.ar\/index.php?rest_route=\/wp\/v2\/types\/post"}],"author":[{"embeddable":true,"href":"https:\/\/24formosa.com.ar\/index.php?rest_route=\/wp\/v2\/users\/8"}],"replies":[{"embeddable":true,"href":"https:\/\/24formosa.com.ar\/index.php?rest_route=%2Fwp%2Fv2%2Fcomments&post=67004"}],"version-history":[{"count":1,"href":"https:\/\/24formosa.com.ar\/index.php?rest_route=\/wp\/v2\/posts\/67004\/revisions"}],"predecessor-version":[{"id":67006,"href":"https:\/\/24formosa.com.ar\/index.php?rest_route=\/wp\/v2\/posts\/67004\/revisions\/67006"}],"wp:featuredmedia":[{"embeddable":true,"href":"https:\/\/24formosa.com.ar\/index.php?rest_route=\/wp\/v2\/media\/67005"}],"wp:attachment":[{"href":"https:\/\/24formosa.com.ar\/index.php?rest_route=%2Fwp%2Fv2%2Fmedia&parent=67004"}],"wp:term":[{"taxonomy":"category","embeddable":true,"href":"https:\/\/24formosa.com.ar\/index.php?rest_route=%2Fwp%2Fv2%2Fcategories&post=67004"},{"taxonomy":"post_tag","embeddable":true,"href":"https:\/\/24formosa.com.ar\/index.php?rest_route=%2Fwp%2Fv2%2Ftags&post=67004"}],"curies":[{"name":"wp","href":"https:\/\/api.w.org\/{rel}","templated":true}]}}