{"id":66995,"date":"2025-05-28T21:25:25","date_gmt":"2025-05-29T00:25:25","guid":{"rendered":"https:\/\/24formosa.com.ar\/?p=66995"},"modified":"2025-05-28T21:25:25","modified_gmt":"2025-05-29T00:25:25","slug":"nueva-entrega-de-modulos-alimentarios-para-diversas-comunidades-aborigenes","status":"publish","type":"post","link":"https:\/\/24formosa.com.ar\/?p=66995","title":{"rendered":"Nueva entrega de m\u00f3dulos alimentarios para diversas comunidades abor\u00edgenes"},"content":{"rendered":"\n<p><em>El doctor Gabriel Alcaraz, subsecretario de Desarrollo y Fortalecimiento Comunitario del Ministerio de la Comunidad, se refiri\u00f3 a las nuevas partidas de cajas alimentarias modalidad aborigen que se entregaron en la jornada de este mi\u00e9rcoles 28 en el interior provincial.<\/em><\/p>\n\n\n\n<p>Se trata del Programa Alimentario Provincial para Comunidades Abor\u00edgenes financiado y ejecutado por el Gobierno de Formosa en respuesta a la decisi\u00f3n pol\u00edtica de Javier Milei de desfinanciarlo por completo.<\/p>\n\n\n\n<p>\u201cEste programa es 100% solventado por el Tesoro Provincial, porque Milei, como parte de estrategia de Gobierno, quiere asfixiar a las provincias, al federalismo, pero en Formosa se encontr\u00f3 con el gobernador Gildo Insfr\u00e1n quien decidi\u00f3 sostener esta pol\u00edtica alimentaria, la cual, en esta oportunidad, viene con una frazada, ya que se acerca la \u00e9poca invernal\u201d, subray\u00f3 a la Agencia de Noticias Formosa (AGENFOR) el funcionario de la cartera de la Comunidad.<\/p>\n\n\n\n<p>Sobre la intensa jornada que incluy\u00f3 la labor y participaci\u00f3n de distintos equipos de trabajo, Alcaraz enfatiz\u00f3 que \u201cesta es una acci\u00f3n de pol\u00edtica p\u00fablica que diariamente debe ser destacada, porque requiere de un gran esfuerzo del Estado provincial para llevarla adelante sin pausa\u201d.<\/p>\n\n\n\n<p>Asimismo, reconoci\u00f3 \u201cel acompa\u00f1amiento de los compa\u00f1eros del Partido Justicialista (PJ) de Las Lomitas, adem\u00e1s de los integrantes del Ministerio de la Comunidad, de los diputados provinciales Aldo Ingolotti y Pablo Sosa, como as\u00ed tambi\u00e9n de los directores del ICA\u201d.<\/p>\n\n\n\n<p>\u201cLa presencia de cada uno de ellos es digna de destacar, porque demuestra que somos una comunidad organizada y solidaria\u201d, subray\u00f3.&nbsp;<\/p>\n\n\n\n<p>Tambi\u00e9n, inform\u00f3 que en esta oportunidad, las entregas se realizaron en distintas localidades de los Departamentos Pati\u00f1o, Bermejo y parte de Ram\u00f3n Lista, espec\u00edficamente aquellas que se encuentran sobre el norte de la ruta 86.<\/p>\n\n\n\n<p>Por su parte, el diputado del PJ Pablo Sosa asegur\u00f3 que \u201cestas cajas son muy importantes para las comunidades abor\u00edgenes\u201d y valor\u00f3 que las entregas \u201cse realizan de manera continua, beneficiando a las 108 comunidades que hay en la provincia\u201d.<\/p>\n\n\n\n<p>A su turno, Jorge Mart\u00ednez Meza, candidato a concejal por el Frente de la Victoria en Las Lomitas, tambi\u00e9n puso en resalto esta acci\u00f3n, definiendo a la jornada como \u201cun d\u00eda peronista, en donde una vez m\u00e1s se est\u00e1 al lado de la gente, a la par de las personas, junto al vecino\u201d.<\/p>\n\n\n\n<p>\u201cEsta entrega es el claro ejemplo de la justicia social que pregona el Modelo Formose\u00f1o\u201d, a\u00f1adi\u00f3 y asegur\u00f3 que \u201clas comunidades est\u00e1n agradecidas con el Gobernador\u201d.<\/p>\n\n\n\n<figure class=\"wp-block-image\"><a href=\"https:\/\/agenfor.com.ar\/wp-content\/uploads\/2025\/05\/WhatsApp-Image-2025-05-28-at-17.25.54.jpeg\"><img decoding=\"async\" src=\"https:\/\/agenfor.com.ar\/wp-content\/uploads\/2025\/05\/WhatsApp-Image-2025-05-28-at-17.25.54-1024x768.jpeg\" alt=\"\" class=\"wp-image-230644\"\/><\/a><\/figure>\n\n\n\n<p><strong>Al lado del pueblo<\/strong><\/p>\n\n\n\n<p>Por otra parte, esta Agencia habl\u00f3 con Camilo Luna, referente de la comunidad Colonia Mu\u00f1iz y Abel Sarabia, delegado de la comunidad La Pantalla, quienes coincidieron agradecieron profundamente por tener un Estado presente.<\/p>\n\n\n\n<p>\u201cLa comunidad entera est\u00e1 muy agradecida con el doctor Insfr\u00e1n por no olvidarse de nosotros, por estar hoy presente en cada una de estas cajas\u201d, esboz\u00f3 Luna, al mismo tiempo que mostr\u00f3 su descontento con Milei.<\/p>\n\n\n\n<p>\u201cEl Presidente de la Naci\u00f3n demostr\u00f3 que nos quiere dejar afuera de todo, pero en Formosa tenemos un conductor que tiene fe y coraje para llevar adelante las pol\u00edticas de acompa\u00f1amiento a los pueblos originarios\u201d, cerr\u00f3.<\/p>\n\n\n\n<p>Sarabia, en tanto, asegur\u00f3 que \u201cestamos muy contentos por esta asistencia\u201d, reafirmando que \u201cseguiremos acompa\u00f1ando al Modelo Formose\u00f1o, porque siempre nos tiene presente e hizo muchas cosas por nosotros\u201d.<\/p>\n\n\n\n<p>\u201cEl 29 de junio vamos a apoyar al gobernador Insfr\u00e1n y depositaremos en las urnas su boleta completa\u201d, finaliz\u00f3.<\/p>\n\n\n\n<figure class=\"wp-block-image\"><a href=\"https:\/\/agenfor.com.ar\/wp-content\/uploads\/2025\/05\/Entrega-de-modulos-alimentarios-1.jpg\"><img decoding=\"async\" src=\"https:\/\/agenfor.com.ar\/wp-content\/uploads\/2025\/05\/Entrega-de-modulos-alimentarios-1-1024x768.jpg\" alt=\"\" class=\"wp-image-230638\"\/><\/a><\/figure>\n","protected":false},"excerpt":{"rendered":"<p>El doctor Gabriel Alcaraz, subsecretario de Desarrollo y Fortalecimiento Comunitario del Ministerio de la Comunidad,<\/p>\n","protected":false},"author":8,"featured_media":66996,"comment_status":"closed","ping_status":"closed","sticky":false,"template":"","format":"standard","meta":{"footnotes":""},"categories":[1],"tags":[],"class_list":["post-66995","post","type-post","status-publish","format-standard","has-post-thumbnail","hentry","category-noticias"],"_links":{"self":[{"href":"https:\/\/24formosa.com.ar\/index.php?rest_route=\/wp\/v2\/posts\/66995","targetHints":{"allow":["GET"]}}],"collection":[{"href":"https:\/\/24formosa.com.ar\/index.php?rest_route=\/wp\/v2\/posts"}],"about":[{"href":"https:\/\/24formosa.com.ar\/index.php?rest_route=\/wp\/v2\/types\/post"}],"author":[{"embeddable":true,"href":"https:\/\/24formosa.com.ar\/index.php?rest_route=\/wp\/v2\/users\/8"}],"replies":[{"embeddable":true,"href":"https:\/\/24formosa.com.ar\/index.php?rest_route=%2Fwp%2Fv2%2Fcomments&post=66995"}],"version-history":[{"count":1,"href":"https:\/\/24formosa.com.ar\/index.php?rest_route=\/wp\/v2\/posts\/66995\/revisions"}],"predecessor-version":[{"id":66997,"href":"https:\/\/24formosa.com.ar\/index.php?rest_route=\/wp\/v2\/posts\/66995\/revisions\/66997"}],"wp:featuredmedia":[{"embeddable":true,"href":"https:\/\/24formosa.com.ar\/index.php?rest_route=\/wp\/v2\/media\/66996"}],"wp:attachment":[{"href":"https:\/\/24formosa.com.ar\/index.php?rest_route=%2Fwp%2Fv2%2Fmedia&parent=66995"}],"wp:term":[{"taxonomy":"category","embeddable":true,"href":"https:\/\/24formosa.com.ar\/index.php?rest_route=%2Fwp%2Fv2%2Fcategories&post=66995"},{"taxonomy":"post_tag","embeddable":true,"href":"https:\/\/24formosa.com.ar\/index.php?rest_route=%2Fwp%2Fv2%2Ftags&post=66995"}],"curies":[{"name":"wp","href":"https:\/\/api.w.org\/{rel}","templated":true}]}}