{"id":66992,"date":"2025-05-28T21:24:00","date_gmt":"2025-05-29T00:24:00","guid":{"rendered":"https:\/\/24formosa.com.ar\/?p=66992"},"modified":"2025-05-28T21:24:01","modified_gmt":"2025-05-29T00:24:01","slug":"firme-acompanamiento-al-sector-ladrillero-de-las-lomitas-por-parte-del-estado-provincial","status":"publish","type":"post","link":"https:\/\/24formosa.com.ar\/?p=66992","title":{"rendered":"Firme acompa\u00f1amiento al sector ladrillero de Las lomitas por parte del Estado provincial"},"content":{"rendered":"\n<p>El Gobierno de la provincia de Formosa, a trav\u00e9s de la Subsecretar\u00eda de Econom\u00eda Social contin\u00faa coordinando diferentes acciones con el sector ladrillero de la localidad de Las Lomitas, ante la ausencia total por parte de la intendencia local.<\/p>\n\n\n\n<p>En este sentido, fruto del trabajo que se viene desarrollando se han conformado tres grupos asociativos de productores ladrilleros y se pudo canalizar una nueva asistencia de herramientas a los mismos.<\/p>\n\n\n\n<p>De esta manera, este mi\u00e9rcoles 28 se hicieron entrega de tres motosierras para ser utilizadas de manera comunitaria por estos productores.<\/p>\n\n\n\n<figure class=\"wp-block-image\"><img decoding=\"async\" src=\"https:\/\/agenfor.com.ar\/wp-content\/uploads\/2025\/05\/Ladrillero-de-las-lomitas-1.jpeg\" alt=\"\" class=\"wp-image-230683\"\/><\/figure>\n\n\n\n<p>As\u00ed lo indic\u00f3 el subsecretario de Econom\u00eda Social, Ricardo Fischer destac\u00f3 que \u201cesto es parte un plan integral por expresas instrucciones del gobernador Gildo Insfr\u00e1n\u201d.<\/p>\n\n\n\n<p>Record\u00f3 que la tarea \u201cinici\u00f3 con el relevamiento de los productores de Las Lomitas; la asistencia en tres oportunidades con kits de herramientas a m\u00e1s de 90 productores; la gesti\u00f3n para la construcci\u00f3n de una toma de agua cruda; la coordinaci\u00f3n para el acarreo de tierra (que se encuentra en proceso) a cada ladrillero, entre otras acciones\u201d.<\/p>\n\n\n\n<p>Asimismo, el director de Asociativismo, Javier Capra y candidato a diputado provincial por el Frente de la Victoria valor\u00f3 que \u201cel trabajo realizado logr\u00f3 la unidad, organizaci\u00f3n y solidaridad del grupo de ladrilleros de Las Lomitas, lo que facilita que el Gobierno provincial (ante la ausencia del Gobierno comunal) puede llegar a cada uno de ellos para continuar cooperando y trabajando mancomunadamente\u201d.<\/p>\n\n\n\n<p>Manifest\u00f3 que \u201cel Estado debe estar presente para poner el pie de igualdad a todos los actores de la sociedad de manera arm\u00f3nica y la construcci\u00f3n constante de la comunidad organizada que pregona el Modelo Formose\u00f1o\u201d.<\/p>\n\n\n\n<p>Y asegur\u00f3 que \u201cel Estado no abandona a quienes habitan y buscan trabajar a los largo y ancho del todo el territorio formose\u00f1o, con acciones concretas de justicia social para el bienestar de toda su comunidad\u201d<\/p>\n","protected":false},"excerpt":{"rendered":"<p>El Gobierno de la provincia de Formosa, a trav\u00e9s de la Subsecretar\u00eda de Econom\u00eda Social<\/p>\n","protected":false},"author":8,"featured_media":66993,"comment_status":"closed","ping_status":"closed","sticky":false,"template":"","format":"standard","meta":{"footnotes":""},"categories":[1],"tags":[],"class_list":["post-66992","post","type-post","status-publish","format-standard","has-post-thumbnail","hentry","category-noticias"],"_links":{"self":[{"href":"https:\/\/24formosa.com.ar\/index.php?rest_route=\/wp\/v2\/posts\/66992","targetHints":{"allow":["GET"]}}],"collection":[{"href":"https:\/\/24formosa.com.ar\/index.php?rest_route=\/wp\/v2\/posts"}],"about":[{"href":"https:\/\/24formosa.com.ar\/index.php?rest_route=\/wp\/v2\/types\/post"}],"author":[{"embeddable":true,"href":"https:\/\/24formosa.com.ar\/index.php?rest_route=\/wp\/v2\/users\/8"}],"replies":[{"embeddable":true,"href":"https:\/\/24formosa.com.ar\/index.php?rest_route=%2Fwp%2Fv2%2Fcomments&post=66992"}],"version-history":[{"count":1,"href":"https:\/\/24formosa.com.ar\/index.php?rest_route=\/wp\/v2\/posts\/66992\/revisions"}],"predecessor-version":[{"id":66994,"href":"https:\/\/24formosa.com.ar\/index.php?rest_route=\/wp\/v2\/posts\/66992\/revisions\/66994"}],"wp:featuredmedia":[{"embeddable":true,"href":"https:\/\/24formosa.com.ar\/index.php?rest_route=\/wp\/v2\/media\/66993"}],"wp:attachment":[{"href":"https:\/\/24formosa.com.ar\/index.php?rest_route=%2Fwp%2Fv2%2Fmedia&parent=66992"}],"wp:term":[{"taxonomy":"category","embeddable":true,"href":"https:\/\/24formosa.com.ar\/index.php?rest_route=%2Fwp%2Fv2%2Fcategories&post=66992"},{"taxonomy":"post_tag","embeddable":true,"href":"https:\/\/24formosa.com.ar\/index.php?rest_route=%2Fwp%2Fv2%2Ftags&post=66992"}],"curies":[{"name":"wp","href":"https:\/\/api.w.org\/{rel}","templated":true}]}}