{"id":66986,"date":"2025-05-28T21:19:42","date_gmt":"2025-05-29T00:19:42","guid":{"rendered":"https:\/\/24formosa.com.ar\/?p=66986"},"modified":"2025-05-28T21:19:43","modified_gmt":"2025-05-29T00:19:43","slug":"el-ministro-araoz-firmo-la-resolucion-que-da-inicio-al-parlamento-juvenil-en-formosa","status":"publish","type":"post","link":"https:\/\/24formosa.com.ar\/?p=66986","title":{"rendered":"El ministro Ar\u00e1oz firm\u00f3 la resoluci\u00f3n que da inicio al Parlamento Juvenil en Formosa"},"content":{"rendered":"\n<p><em>Este mi\u00e9rcoles 28, en la biblioteca del Ministerio de Cultura y Educaci\u00f3n de la provincia, se firm\u00f3 la resoluci\u00f3n ministerial de implementaci\u00f3n del Parlamento Juvenil en Formosa. Estuvieron presentes representantes de los colegios secundarios de la ciudad.<\/em><\/p>\n\n\n\n<p>El documento fue rubricado por el ministro de la cartera educativa de la provincia, Julio Ar\u00e1oz, quien explic\u00f3 que \u201ccon eso se da inicio a los preparativos para convocar y reunir a nuestros j\u00f3venes estudiantes en el \u00e1mbito del Parlamento Juvenil\u201d.<\/p>\n\n\n\n<p>Puntualiz\u00f3 que se trata de una nueva edici\u00f3n, \u201ccumpliendo con una decisi\u00f3n de nuestro gobernador Gildo Insfr\u00e1n de continuar la actividad cuando se interrumpi\u00f3 el Parlamento Juvenil del Mercosur, por orden del presidente Javier Milei\u201d.<\/p>\n\n\n\n<p>Asimismo, destac\u00f3 que \u201cel Gobernador lo hizo respetando a los j\u00f3venes, ya que fueron ellos los que le propusieron este \u00e1mbito para no perderlo\u201d, y record\u00f3 que \u201cel a\u00f1o pasado m\u00e1s de 400 estudiantes han participado, con m\u00e1s de 80 localidades representadas y 90 establecimientos educativos\u201d.<\/p>\n\n\n\n<p>\u201cSon cifras realmente importantes y es un compromiso para nosotros estar aqu\u00ed realizando este lanzamiento\u201d, expres\u00f3.<\/p>\n\n\n\n<p>En este sentido, detall\u00f3 que a trav\u00e9s de la resoluci\u00f3n \u201cle asignamos todos los recursos desde el Ministerio de Cultura y Educaci\u00f3n para que estas actividades se puedan realizar en los t\u00e9rminos de referencia que se han acordado\u201d, destacando que \u201cse utilizan fondos propios, del Tesoro Provincial\u201d.<\/p>\n\n\n\n<p>Considerando que \u201cesto habla una vez m\u00e1s del alto compromiso que tiene nuestro gobierno en particular, nuestro Gobernador con la escuela p\u00fablica, la educaci\u00f3n de calidad, pero fundamentalmente con la participaci\u00f3n de nuestros j\u00f3venes\u201d.<\/p>\n\n\n\n<p>Adem\u00e1s, explic\u00f3 que \u201csi bien el Ministerio de Educaci\u00f3n es el que apoya y firma con el Gobierno de la provincia, qui\u00e9nes van a coordinar, son los de la Federaci\u00f3n de Centros de Estudiantes Secundarios (FeCES), asistidos por Fernando Galarza, director de Asuntos Juveniles\u201d.<\/p>\n\n\n\n<figure class=\"wp-block-image\"><a href=\"https:\/\/agenfor.com.ar\/wp-content\/uploads\/2025\/05\/Parlamento-Juvenil-1.jpeg\"><img decoding=\"async\" src=\"https:\/\/agenfor.com.ar\/wp-content\/uploads\/2025\/05\/Parlamento-Juvenil-1-1024x461.jpeg\" alt=\"\" class=\"wp-image-230676\"\/><\/a><\/figure>\n\n\n\n<p><strong>Participaci\u00f3n juvenil<\/strong><\/p>\n\n\n\n<p>Por su parte, Constanza Sigel, referente estudiantil del Instituto Privado General San Mart\u00edn, subray\u00f3 que \u201cesta firma significa que es m\u00e1s que evidente que aqu\u00ed en Formosa s\u00ed nos apoyan, s\u00ed somos importantes, s\u00ed se nos escucha, mientras a nivel nacional se elimina este programa\u201d.<\/p>\n\n\n\n<p>Asegur\u00f3 que \u201cen nuestra provincia nos podemos permitir el lujo de debatir temas sociales\u201d, destacando que \u201ceste es un proyecto que ven\u00eda de nosotros y que nuestro Gobernador nos diga: \u00a1s\u00ed, j\u00f3venes, s\u00ed los escuchamos, ustedes son parte de nuestro Gobierno!, es sumamente importante\u201d.<\/p>\n","protected":false},"excerpt":{"rendered":"<p>Este mi\u00e9rcoles 28, en la biblioteca del Ministerio de Cultura y Educaci\u00f3n de la provincia,<\/p>\n","protected":false},"author":8,"featured_media":66987,"comment_status":"closed","ping_status":"closed","sticky":false,"template":"","format":"standard","meta":{"footnotes":""},"categories":[1],"tags":[],"class_list":["post-66986","post","type-post","status-publish","format-standard","has-post-thumbnail","hentry","category-noticias"],"_links":{"self":[{"href":"https:\/\/24formosa.com.ar\/index.php?rest_route=\/wp\/v2\/posts\/66986","targetHints":{"allow":["GET"]}}],"collection":[{"href":"https:\/\/24formosa.com.ar\/index.php?rest_route=\/wp\/v2\/posts"}],"about":[{"href":"https:\/\/24formosa.com.ar\/index.php?rest_route=\/wp\/v2\/types\/post"}],"author":[{"embeddable":true,"href":"https:\/\/24formosa.com.ar\/index.php?rest_route=\/wp\/v2\/users\/8"}],"replies":[{"embeddable":true,"href":"https:\/\/24formosa.com.ar\/index.php?rest_route=%2Fwp%2Fv2%2Fcomments&post=66986"}],"version-history":[{"count":1,"href":"https:\/\/24formosa.com.ar\/index.php?rest_route=\/wp\/v2\/posts\/66986\/revisions"}],"predecessor-version":[{"id":66988,"href":"https:\/\/24formosa.com.ar\/index.php?rest_route=\/wp\/v2\/posts\/66986\/revisions\/66988"}],"wp:featuredmedia":[{"embeddable":true,"href":"https:\/\/24formosa.com.ar\/index.php?rest_route=\/wp\/v2\/media\/66987"}],"wp:attachment":[{"href":"https:\/\/24formosa.com.ar\/index.php?rest_route=%2Fwp%2Fv2%2Fmedia&parent=66986"}],"wp:term":[{"taxonomy":"category","embeddable":true,"href":"https:\/\/24formosa.com.ar\/index.php?rest_route=%2Fwp%2Fv2%2Fcategories&post=66986"},{"taxonomy":"post_tag","embeddable":true,"href":"https:\/\/24formosa.com.ar\/index.php?rest_route=%2Fwp%2Fv2%2Ftags&post=66986"}],"curies":[{"name":"wp","href":"https:\/\/api.w.org\/{rel}","templated":true}]}}