{"id":66937,"date":"2025-05-26T22:17:50","date_gmt":"2025-05-27T01:17:50","guid":{"rendered":"https:\/\/24formosa.com.ar\/?p=66937"},"modified":"2025-05-26T22:17:51","modified_gmt":"2025-05-27T01:17:51","slug":"mas-de-cinco-mil-personas-disfrutaron-de-la-jornada-todos-somos-la-patria-en-las-lomitas","status":"publish","type":"post","link":"https:\/\/24formosa.com.ar\/?p=66937","title":{"rendered":"M\u00e1s de cinco mil personas disfrutaron de la jornada \u201cTodos somos la Patria\u201d en Las Lomitas"},"content":{"rendered":"\n<p>Este domingo 25 de mayo, el Partido Justicialista (PJ) de Las Lomitas llev\u00f3 a cabo la jornada \u201cTodos somos la Patria\u201d en el H\u00edpico \u201cDon Silto Ver\u00f3n\u201d de Las Lomitas que inici\u00f3 alrededor de las 9 horas y por el que pasaron m\u00e1s de cinco mil personas.<\/p>\n\n\n\n<p>Durante el evento pudieron disfrutar de la presentaci\u00f3n de agrupaciones gauchas, destrezas gauchas, productos artesanales y gastron\u00f3micos, bingo familiar y la presentaci\u00f3n de pe\u00f1as como Los Infernales de G\u00fcemes y Patria oeste y Tradici\u00f3n; y artistas de renombre como Tania Torres, Mariano Cuellar, Carlitos Galv\u00e1n, Luna Endiablada y Hern\u00e1n Arias, quien tuvo la responsabilidad de cerrar la celebraci\u00f3n.<\/p>\n\n\n\n<p>Al respecto, el candidato a concejal por el sublema Formosa para Todos, Audo Ver\u00f3n, expres\u00f3 su satisfacci\u00f3n por la magnitud de la actividad ya que, en principio, estaba pronosticado mal tiempo pero, a pesar de ello, \u201canhel\u00e1bamos hacer una fiesta as\u00ed, demostrar a un pueblo unido, a un Peronismo unido en una fiesta\u201d.<\/p>\n\n\n\n<p>\u201cY m\u00e1s, en una fiesta como la del 25 de mayo, que es una fiesta muy patri\u00f3tica, y encima tiene estos los valores de la sociedad, por ejemplo, de la educaci\u00f3n, de la salud. Y aqu\u00ed nos juntamos todos para una fiesta que nos uni\u00f3, gracias a Dios\u201d, sostuvo.<\/p>\n\n\n\n<p>Asimismo, celebr\u00f3 que todos los sublemas del PJ estuvieron juntos y \u201csentir lo mismo\u201d, al mismo tiempo que destac\u00f3 la participaci\u00f3n de los lomitenses que pasaron por el predio.<\/p>\n\n\n\n<p>\u201cAs\u00ed que para nosotros es m\u00e1s que una bendici\u00f3n, satisfecho, y el saber una de las cosas m\u00e1s importantes es que todos somos uno, como dice nuestro gobernador (Gildo Insfr\u00e1n), que debemos estar unidos, solidarios y organizados. Y para nosotros es una gratificaci\u00f3n en el alma poder cumplir con este objetivo, que se nos ha confiado a la agrupaci\u00f3n Formosa para Todos\u201d, manifest\u00f3.<\/p>\n\n\n\n<p>Sobre el final, el candidato puso en valor la participaci\u00f3n de los m\u00e1s de 40 emprendedores que pudieron comercializar sus productos porque \u201cvendieron todo, para las 6 de la tarde me dec\u00edan que ya no ten\u00edan m\u00e1s nada\u201d, por ende, consider\u00f3, \u201cpodemos decir que no estamos solos\u201d.<\/p>\n\n\n\n<p>Por su parte, Magda Cabrera, quien va segunda en la lista de candidatos a concejales por el sublema Formosa para Todos, mostr\u00f3 su regocijo por el \u00e9xito de esta jornada patria y agradeci\u00f3 el constante apoyo del Gobernador.<\/p>\n\n\n\n<p>\u201cEs el objetivo de estar en la unidad de todos, porque tenemos solo la camiseta del peronismo, eso nos representa a todos\u201d, asever\u00f3.<\/p>\n\n\n\n<p>Por \u00faltimo, valor\u00f3 la participaci\u00f3n de los pobladores originarios que pudieron comercializar sus artesan\u00edas, lo que concibi\u00f3 como un espacio m\u00e1s para motorizar la econom\u00eda local.<\/p>\n","protected":false},"excerpt":{"rendered":"<p>Este domingo 25 de mayo, el Partido Justicialista (PJ) de Las Lomitas llev\u00f3 a cabo<\/p>\n","protected":false},"author":8,"featured_media":66938,"comment_status":"closed","ping_status":"closed","sticky":false,"template":"","format":"standard","meta":{"footnotes":""},"categories":[1],"tags":[],"class_list":["post-66937","post","type-post","status-publish","format-standard","has-post-thumbnail","hentry","category-noticias"],"_links":{"self":[{"href":"https:\/\/24formosa.com.ar\/index.php?rest_route=\/wp\/v2\/posts\/66937","targetHints":{"allow":["GET"]}}],"collection":[{"href":"https:\/\/24formosa.com.ar\/index.php?rest_route=\/wp\/v2\/posts"}],"about":[{"href":"https:\/\/24formosa.com.ar\/index.php?rest_route=\/wp\/v2\/types\/post"}],"author":[{"embeddable":true,"href":"https:\/\/24formosa.com.ar\/index.php?rest_route=\/wp\/v2\/users\/8"}],"replies":[{"embeddable":true,"href":"https:\/\/24formosa.com.ar\/index.php?rest_route=%2Fwp%2Fv2%2Fcomments&post=66937"}],"version-history":[{"count":1,"href":"https:\/\/24formosa.com.ar\/index.php?rest_route=\/wp\/v2\/posts\/66937\/revisions"}],"predecessor-version":[{"id":66939,"href":"https:\/\/24formosa.com.ar\/index.php?rest_route=\/wp\/v2\/posts\/66937\/revisions\/66939"}],"wp:featuredmedia":[{"embeddable":true,"href":"https:\/\/24formosa.com.ar\/index.php?rest_route=\/wp\/v2\/media\/66938"}],"wp:attachment":[{"href":"https:\/\/24formosa.com.ar\/index.php?rest_route=%2Fwp%2Fv2%2Fmedia&parent=66937"}],"wp:term":[{"taxonomy":"category","embeddable":true,"href":"https:\/\/24formosa.com.ar\/index.php?rest_route=%2Fwp%2Fv2%2Fcategories&post=66937"},{"taxonomy":"post_tag","embeddable":true,"href":"https:\/\/24formosa.com.ar\/index.php?rest_route=%2Fwp%2Fv2%2Ftags&post=66937"}],"curies":[{"name":"wp","href":"https:\/\/api.w.org\/{rel}","templated":true}]}}