{"id":66928,"date":"2025-05-26T22:08:38","date_gmt":"2025-05-27T01:08:38","guid":{"rendered":"https:\/\/24formosa.com.ar\/?p=66928"},"modified":"2025-05-26T22:08:39","modified_gmt":"2025-05-27T01:08:39","slug":"lanzaron-la-maraton-pasos-de-unidad-orgulloso-de-nuestro-andar","status":"publish","type":"post","link":"https:\/\/24formosa.com.ar\/?p=66928","title":{"rendered":"Lanzaron la Marat\u00f3n Pasos de Unidad \u201cOrgulloso de nuestro andar\u201d"},"content":{"rendered":"\n<p>Este lunes 26, a las 18.30 horas, en el Parque Acu\u00e1tico \u201c17 de Octubre\u201d, ubicado en la Jurisdicci\u00f3n Cinco de la ciudad de Formosa, se realiz\u00f3 el lanzamiento de la Marat\u00f3n Pasos de Unidad \u201cOrgulloso de nuestro andar\u201d, donde distintas \u00e1reas del Gobierno provincial y todos los equipos de running de la ciudad capital se unieron para lograr su impulso.<\/p>\n\n\n\n<p>Este evento deportivo se da en el marco de la celebraci\u00f3n de los 70 a\u00f1os que cumplir\u00e1 la provincia el pr\u00f3ximo 28 de junio. Por ello, el Instituto de Asistencia Social (IAS) y la Secretar\u00eda de Deportes y Recreaci\u00f3n Comunitaria trabajaron en conjunto para hacer realidad esta propuesta.<\/p>\n\n\n\n<p>El secretario de Deportes y Recreaci\u00f3n Comunitaria, Mario Romay, dijo a la&nbsp;<em><strong>Agencia de Noticias Formosa (AGENFOR)<\/strong><\/em>&nbsp;que su realizaci\u00f3n ser\u00e1 por jurisdicci\u00f3n, siendo la primera fecha el s\u00e1bado 31 de mayo en el Circuito Cinco.<\/p>\n\n\n\n<p>Despu\u00e9s se continuar\u00e1 cada s\u00e1bado recorriendo las dem\u00e1s jurisdicciones a partir de un programa planificado. Hizo notar que esta iniciativa surgi\u00f3 luego de una marat\u00f3n de 42 kil\u00f3metros, \u201cque dej\u00f3 la llama encendida de un circuito y una demanda que sea m\u00e1s inclusiva y no tanto competitiva\u201d.<\/p>\n\n\n\n<figure class=\"wp-block-image\"><a href=\"https:\/\/agenfor.com.ar\/wp-content\/uploads\/2025\/05\/photo_5019442942586236885_y.jpg\"><img decoding=\"async\" src=\"https:\/\/agenfor.com.ar\/wp-content\/uploads\/2025\/05\/photo_5019442942586236885_y-1024x682.jpg\" alt=\"\" class=\"wp-image-230343\"\/><\/a><figcaption class=\"wp-element-caption\">Blanca Denis<\/figcaption><\/figure>\n\n\n\n<p>Tambi\u00e9n, Blanca Denis, diputada provincial, acompa\u00f1\u00f3 la presentaci\u00f3n en el Parque Acu\u00e1tico y marc\u00f3 su alegr\u00eda, ya que con la Marat\u00f3n \u201cPasos de Unidad queremos recorrer los barrios de nuestra ciudad\u201d en el marco de la celebraci\u00f3n de \u201cnuestros 70 a\u00f1os de provincia, que se cumplir\u00e1n el pr\u00f3ximo 28 de junio\u201d.&nbsp;<\/p>\n\n\n\n<p>Adem\u00e1s, la legisladora, quien integra la lista de candidatos suplentes de diputados provinciales del Frente de la Victoria, enfatiz\u00f3 que \u201cel 29 de junio, los formose\u00f1os tenemos tambi\u00e9n una fecha muy importante y trascendental, porque son las elecciones en que se elegir\u00e1n a los diputados provinciales, concejales, y, fundamentalmente, a los convencionales constituyentes para la futura reforma constitucional\u201d.<\/p>\n\n\n\n<figure class=\"wp-block-image\"><a href=\"https:\/\/agenfor.com.ar\/wp-content\/uploads\/2025\/05\/photo_5019442942586236884_y.jpg\"><img decoding=\"async\" src=\"https:\/\/agenfor.com.ar\/wp-content\/uploads\/2025\/05\/photo_5019442942586236884_y-1024x682.jpg\" alt=\"\" class=\"wp-image-230346\"\/><\/a><\/figure>\n\n\n\n<p>Sobre esto \u00faltimo se refiri\u00f3 Ana Mar\u00eda del Riccio, candidata a convencional constituyente por el Partido Justicialista, que dijo que \u201cel 29 de junio tenemos una elecci\u00f3n totalmente formose\u00f1a, donde, en primer lugar, se presenta a consideraci\u00f3n la n\u00f3mina de candidatos a convencionales constituyentes para la reforma de la Constituci\u00f3n Provincial, habiendo pasado m\u00e1s de 20 a\u00f1os desde la \u00faltima reforma\u201d.<\/p>\n\n\n\n<figure class=\"wp-block-image\"><a href=\"https:\/\/agenfor.com.ar\/wp-content\/uploads\/2025\/05\/photo_5019442942586236882_y-1.jpg\"><img decoding=\"async\" src=\"https:\/\/agenfor.com.ar\/wp-content\/uploads\/2025\/05\/photo_5019442942586236882_y-1-1024x682.jpg\" alt=\"\" class=\"wp-image-230347\"\/><\/a><\/figure>\n","protected":false},"excerpt":{"rendered":"<p>Este lunes 26, a las 18.30 horas, en el Parque Acu\u00e1tico \u201c17 de Octubre\u201d, ubicado<\/p>\n","protected":false},"author":8,"featured_media":66929,"comment_status":"closed","ping_status":"closed","sticky":false,"template":"","format":"standard","meta":{"footnotes":""},"categories":[1],"tags":[],"class_list":["post-66928","post","type-post","status-publish","format-standard","has-post-thumbnail","hentry","category-noticias"],"_links":{"self":[{"href":"https:\/\/24formosa.com.ar\/index.php?rest_route=\/wp\/v2\/posts\/66928","targetHints":{"allow":["GET"]}}],"collection":[{"href":"https:\/\/24formosa.com.ar\/index.php?rest_route=\/wp\/v2\/posts"}],"about":[{"href":"https:\/\/24formosa.com.ar\/index.php?rest_route=\/wp\/v2\/types\/post"}],"author":[{"embeddable":true,"href":"https:\/\/24formosa.com.ar\/index.php?rest_route=\/wp\/v2\/users\/8"}],"replies":[{"embeddable":true,"href":"https:\/\/24formosa.com.ar\/index.php?rest_route=%2Fwp%2Fv2%2Fcomments&post=66928"}],"version-history":[{"count":1,"href":"https:\/\/24formosa.com.ar\/index.php?rest_route=\/wp\/v2\/posts\/66928\/revisions"}],"predecessor-version":[{"id":66930,"href":"https:\/\/24formosa.com.ar\/index.php?rest_route=\/wp\/v2\/posts\/66928\/revisions\/66930"}],"wp:featuredmedia":[{"embeddable":true,"href":"https:\/\/24formosa.com.ar\/index.php?rest_route=\/wp\/v2\/media\/66929"}],"wp:attachment":[{"href":"https:\/\/24formosa.com.ar\/index.php?rest_route=%2Fwp%2Fv2%2Fmedia&parent=66928"}],"wp:term":[{"taxonomy":"category","embeddable":true,"href":"https:\/\/24formosa.com.ar\/index.php?rest_route=%2Fwp%2Fv2%2Fcategories&post=66928"},{"taxonomy":"post_tag","embeddable":true,"href":"https:\/\/24formosa.com.ar\/index.php?rest_route=%2Fwp%2Fv2%2Ftags&post=66928"}],"curies":[{"name":"wp","href":"https:\/\/api.w.org\/{rel}","templated":true}]}}