{"id":66924,"date":"2025-05-26T22:06:37","date_gmt":"2025-05-27T01:06:37","guid":{"rendered":"https:\/\/24formosa.com.ar\/?p=66924"},"modified":"2025-05-26T22:06:37","modified_gmt":"2025-05-27T01:06:37","slug":"el-gobernador-insfran-inaugurara-obras-de-refaccion-y-ampliacion-del-espacio-eco-y-del-plan-provincial-alimentario-nutrir","status":"publish","type":"post","link":"https:\/\/24formosa.com.ar\/?p=66924","title":{"rendered":"El gobernador Insfr\u00e1n inaugurar\u00e1 obras de refacci\u00f3n y ampliaci\u00f3n del Espacio ECO y del Plan Provincial Alimentario Nutrir"},"content":{"rendered":"\n<p><em>Este martes 27, a partir de las 16.45 horas, el gobernador Gildo Insfr\u00e1n inaugurar\u00e1 nuevas obras en beneficio de la comunidad formose\u00f1a.<\/em><\/p>\n\n\n\n<p>Se trata de la refacci\u00f3n y ampliaci\u00f3n del Espacio de Encuentro de la Comunidad Organizada (ECO) y del Plan Provincial Alimentario Nutrir, instituci\u00f3n que se encuentra ubicada en la intersecci\u00f3n de las calles Bartolom\u00e9 Mitre y Rosa I de Molina en el barrio San Jos\u00e9 Obrero de la ciudad Capital.<\/p>\n\n\n\n<p>En cuanto al Espacio ECO, el sector refaccionado corresponde a la sala de recepci\u00f3n; espacio de usos m\u00faltiples y de talleres; la administraci\u00f3n; un espacio de escucha; sanitarios y cocina.<\/p>\n\n\n\n<p>En tanto que fueron ampliados un patio cubierto, solados y parquizados; y la construcci\u00f3n de la cubierta con chapa ondulada sobre estructura met\u00e1lica; muros de ladrillo com\u00fan revocados y pintura al l\u00e1tex; y revestimientos tipo cer\u00e1mica esmaltada.<\/p>\n\n\n\n<p>Tambi\u00e9n se coloc\u00f3 piso tipo cer\u00e1mica esmaltada, z\u00f3calo tipo cer\u00e1mica esmaltada 10\u00d730 y losetas cementicias; el cielorraso es tipo tablillas de PVC y para la instalaci\u00f3n sanitaria se trabaj\u00f3 en desag\u00fces pluviales con ca\u00f1er\u00edas de PVC, bocas de desag\u00fces, c\u00e1maras interceptoras de hojas; desag\u00fces cloacales y provisi\u00f3n de agua potable con ca\u00f1os de polipropileno y termofusi\u00f3n.<\/p>\n\n\n\n<p>Por otro lado, se coloc\u00f3 el cerco perimetral y vereda p\u00fablica e iluminaci\u00f3n exterior.<\/p>\n\n\n\n<figure class=\"wp-block-image\"><a href=\"https:\/\/agenfor.com.ar\/wp-content\/uploads\/2025\/05\/ESPACIO-ECO.jpg\"><img decoding=\"async\" src=\"https:\/\/agenfor.com.ar\/wp-content\/uploads\/2025\/05\/ESPACIO-ECO.jpg\" alt=\"\" class=\"wp-image-230352\"\/><\/a><\/figure>\n\n\n\n<p><strong>Plan Nutrir<\/strong><strong><\/strong><\/p>\n\n\n\n<p>Respecto al Plan Provincial Alimentario Nutrir, el sector refaccionado fue el de atenci\u00f3n al p\u00fablico; dep\u00f3sito; sanitarios; cocina y patio. Adem\u00e1s fue ampliado el espacio de almacenamiento; solados y parquizados.<\/p>\n\n\n\n<p>Para la cubierta se utiliz\u00f3 chapa ondulada sobre estructura met\u00e1lica; construcci\u00f3n de muros de ladrillo com\u00fan revocados, pintura al l\u00e1tex; revestimientos tipo cer\u00e1mica esmaltada; piso tipo cer\u00e1mica esmaltada, z\u00f3calo tipo cer\u00e1mica esmaltada 10\u00d730 y losetas cementicias.<\/p>\n\n\n\n<p>El cielorraso es tipo tablillas de PVC; carpinter\u00eda de aluminio color blanco; y para la instalaci\u00f3n sanitaria, desag\u00fces pluviales ca\u00f1er\u00edas de PVC, bocas de desag\u00fces, c\u00e1maras interceptoras de hojas, desag\u00fces y provisi\u00f3n de agua potable por ca\u00f1os de polipropileno y termofusi\u00f3n.<\/p>\n\n\n\n<p>Tambi\u00e9n se coloc\u00f3 cerco perimetral y vereda p\u00fablica; parquizaci\u00f3n e iluminaci\u00f3n exterior.<\/p>\n","protected":false},"excerpt":{"rendered":"<p>Este martes 27, a partir de las 16.45 horas, el gobernador Gildo Insfr\u00e1n inaugurar\u00e1 nuevas<\/p>\n","protected":false},"author":8,"featured_media":66926,"comment_status":"closed","ping_status":"closed","sticky":false,"template":"","format":"standard","meta":{"footnotes":""},"categories":[1],"tags":[],"class_list":["post-66924","post","type-post","status-publish","format-standard","has-post-thumbnail","hentry","category-noticias"],"_links":{"self":[{"href":"https:\/\/24formosa.com.ar\/index.php?rest_route=\/wp\/v2\/posts\/66924","targetHints":{"allow":["GET"]}}],"collection":[{"href":"https:\/\/24formosa.com.ar\/index.php?rest_route=\/wp\/v2\/posts"}],"about":[{"href":"https:\/\/24formosa.com.ar\/index.php?rest_route=\/wp\/v2\/types\/post"}],"author":[{"embeddable":true,"href":"https:\/\/24formosa.com.ar\/index.php?rest_route=\/wp\/v2\/users\/8"}],"replies":[{"embeddable":true,"href":"https:\/\/24formosa.com.ar\/index.php?rest_route=%2Fwp%2Fv2%2Fcomments&post=66924"}],"version-history":[{"count":1,"href":"https:\/\/24formosa.com.ar\/index.php?rest_route=\/wp\/v2\/posts\/66924\/revisions"}],"predecessor-version":[{"id":66927,"href":"https:\/\/24formosa.com.ar\/index.php?rest_route=\/wp\/v2\/posts\/66924\/revisions\/66927"}],"wp:featuredmedia":[{"embeddable":true,"href":"https:\/\/24formosa.com.ar\/index.php?rest_route=\/wp\/v2\/media\/66926"}],"wp:attachment":[{"href":"https:\/\/24formosa.com.ar\/index.php?rest_route=%2Fwp%2Fv2%2Fmedia&parent=66924"}],"wp:term":[{"taxonomy":"category","embeddable":true,"href":"https:\/\/24formosa.com.ar\/index.php?rest_route=%2Fwp%2Fv2%2Fcategories&post=66924"},{"taxonomy":"post_tag","embeddable":true,"href":"https:\/\/24formosa.com.ar\/index.php?rest_route=%2Fwp%2Fv2%2Ftags&post=66924"}],"curies":[{"name":"wp","href":"https:\/\/api.w.org\/{rel}","templated":true}]}}