{"id":64714,"date":"2025-01-14T21:11:59","date_gmt":"2025-01-15T00:11:59","guid":{"rendered":"https:\/\/24formosa.com.ar\/?p=64714"},"modified":"2025-01-14T21:12:01","modified_gmt":"2025-01-15T00:12:01","slug":"ibarreta-suma-nuevos-atractivos-turisticos-y-culturales","status":"publish","type":"post","link":"https:\/\/24formosa.com.ar\/?p=64714","title":{"rendered":"Ibarreta suma nuevos atractivos tur\u00edsticos y culturales"},"content":{"rendered":"\n<p>El fin de semana pasado, en Ibarreta se dej\u00f3 habilitado el Museo de la Estaci\u00f3n del Ferrocarril y el Paseo de la Estaci\u00f3n. Dos obras situadas en el recuperado predio ferroviario, que se suman a la Plaza del Docente y a otras mejoras importantes en esa ciudad.<\/p>\n\n\n\n<p>Al respecto, el intendente Ad\u00e1n Jarzynski coment\u00f3 a AGENFOR que \u201ceste museo va a reflejar la historia misma de lo que fue la llegada del tren a Ibarreta, su fundaci\u00f3n. Tiene por objetivo resguardar este sitio tan emblem\u00e1tico para nuestra localidad\u201d.<\/p>\n\n\n\n<p>Sobre el predio, el jefe comunal relat\u00f3 que \u201cestaba usurpado, pero desde el Municipio y mediante el di\u00e1logo, pudimos recuperarlo y comenzar con el trabajo de restauraci\u00f3n\u201d.<\/p>\n\n\n\n<p>Cabe recordar que Ibarreta fue fundada en 1921 y nace junto a la habilitaci\u00f3n de la estaci\u00f3n del tren.<\/p>\n\n\n\n<p>Este flamante museo se suma a los tres existentes (Museo del Carnaval, Museo de Ciencias Sociales y Naturales y el Museo del Plan Quinquenal) en la localidad, por ello Jarzynski remarc\u00f3 que \u201cconsolidamos el circuito tur\u00edstico de museos y adem\u00e1s ofrecemos distintas actividades a realizar para aquellos que nos visitan, tenemos nuestro lago central con sus paseos en botes y ciclobotes. Contamos con una capacidad hotelera importante y para aquellos que quieran acampar, est\u00e1 el camping municipal con comodidades para su estad\u00eda\u201d.<\/p>\n\n\n\n<figure class=\"wp-block-image\"><a href=\"https:\/\/agenfor.com.ar\/wp-content\/uploads\/2025\/01\/Habilitaron-museo-y-paseo-en-Ibarreta-2.jpeg\"><img decoding=\"async\" src=\"https:\/\/agenfor.com.ar\/wp-content\/uploads\/2025\/01\/Habilitaron-museo-y-paseo-en-Ibarreta-2-1024x768.jpeg\" alt=\"\" class=\"wp-image-216665\"\/><\/a><\/figure>\n\n\n\n<p>Sobre el financiamiento de estas obras, puso de relieve que \u201ctodo fue realizado por la Comuna, con el incondicional apoyo del Gobierno de la provincia que siempre est\u00e1 junto a cada gesti\u00f3n municipal, dando el acompa\u00f1amiento y las condiciones para concretar sue\u00f1os como estos. Por eso y por todo lo recibido, nuestro eterno agradecimiento al gobernador Gildo Insfr\u00e1n\u201d.<\/p>\n\n\n\n<p>Participaron del acto de inauguraci\u00f3n, extrabajadores del ferrocarril. Adem\u00e1s, integrantes del Ballet Municipal acompa\u00f1aron la ceremonia vestidos con atuendos de la \u00e9poca.<\/p>\n\n\n\n<figure class=\"wp-block-image\"><a href=\"https:\/\/agenfor.com.ar\/wp-content\/uploads\/2025\/01\/Habilitaron-museo-y-paseo-en-Ibarreta-4.jpeg\"><img decoding=\"async\" src=\"https:\/\/agenfor.com.ar\/wp-content\/uploads\/2025\/01\/Habilitaron-museo-y-paseo-en-Ibarreta-4-1024x768.jpeg\" alt=\"\" class=\"wp-image-216661\"\/><\/a><\/figure>\n\n\n\n<p><strong>Carnaval 2025<\/strong><\/p>\n\n\n\n<p>Ibarreta es considerada la capital provincial del carnaval por la historia y por la forma en que se viven esas festividades en la localidad, adem\u00e1s de ser una actividad de la que participa casi toda la comunidad.<\/p>\n\n\n\n<p>Al respecto, el intendente anticip\u00f3 que ya se confirm\u00f3 la fecha para la edici\u00f3n de este a\u00f1o: ser\u00e1 el 14, 15 y 16 de febrero.<\/p>\n\n\n\n<p>\u201cClaro que los esperamos a todos con los brazos abiertos para vivir la mayor fiesta popular carnestolenda con tres noches con entrada libre y gratuita. Quienes nos visitaron alguna vez, saben que es una experiencia maravillosa\u201d, finaliz\u00f3 Jarzynski<\/p>\n","protected":false},"excerpt":{"rendered":"<p>El fin de semana pasado, en Ibarreta se dej\u00f3 habilitado el Museo de la Estaci\u00f3n<\/p>\n","protected":false},"author":8,"featured_media":64715,"comment_status":"closed","ping_status":"closed","sticky":false,"template":"","format":"standard","meta":{"footnotes":""},"categories":[1],"tags":[],"class_list":["post-64714","post","type-post","status-publish","format-standard","has-post-thumbnail","hentry","category-noticias"],"_links":{"self":[{"href":"https:\/\/24formosa.com.ar\/index.php?rest_route=\/wp\/v2\/posts\/64714","targetHints":{"allow":["GET"]}}],"collection":[{"href":"https:\/\/24formosa.com.ar\/index.php?rest_route=\/wp\/v2\/posts"}],"about":[{"href":"https:\/\/24formosa.com.ar\/index.php?rest_route=\/wp\/v2\/types\/post"}],"author":[{"embeddable":true,"href":"https:\/\/24formosa.com.ar\/index.php?rest_route=\/wp\/v2\/users\/8"}],"replies":[{"embeddable":true,"href":"https:\/\/24formosa.com.ar\/index.php?rest_route=%2Fwp%2Fv2%2Fcomments&post=64714"}],"version-history":[{"count":1,"href":"https:\/\/24formosa.com.ar\/index.php?rest_route=\/wp\/v2\/posts\/64714\/revisions"}],"predecessor-version":[{"id":64716,"href":"https:\/\/24formosa.com.ar\/index.php?rest_route=\/wp\/v2\/posts\/64714\/revisions\/64716"}],"wp:featuredmedia":[{"embeddable":true,"href":"https:\/\/24formosa.com.ar\/index.php?rest_route=\/wp\/v2\/media\/64715"}],"wp:attachment":[{"href":"https:\/\/24formosa.com.ar\/index.php?rest_route=%2Fwp%2Fv2%2Fmedia&parent=64714"}],"wp:term":[{"taxonomy":"category","embeddable":true,"href":"https:\/\/24formosa.com.ar\/index.php?rest_route=%2Fwp%2Fv2%2Fcategories&post=64714"},{"taxonomy":"post_tag","embeddable":true,"href":"https:\/\/24formosa.com.ar\/index.php?rest_route=%2Fwp%2Fv2%2Ftags&post=64714"}],"curies":[{"name":"wp","href":"https:\/\/api.w.org\/{rel}","templated":true}]}}