{"id":64711,"date":"2025-01-14T21:09:02","date_gmt":"2025-01-15T00:09:02","guid":{"rendered":"https:\/\/24formosa.com.ar\/?p=64711"},"modified":"2025-01-14T21:09:03","modified_gmt":"2025-01-15T00:09:03","slug":"la-dpv-trabaja-en-el-camino-vecinal-1057-que-une-fortin-soledad-y-el-churcalito","status":"publish","type":"post","link":"https:\/\/24formosa.com.ar\/?p=64711","title":{"rendered":"La DPV trabaja en el Camino Vecinal 1057 que une Fort\u00edn Soledad y El Churcalito"},"content":{"rendered":"\n<p><em>Adem\u00e1s de vincular los parajes de la zona, protege a la comunidad de las crecidas del R\u00edo Pilcomayo.<\/em><\/p>\n\n\n\n<p>El administrador general de la Direcci\u00f3n Provincial de Vialidad (DPV), Javier Caffa, se refiri\u00f3 a los trabajos realizados en el Camino Vecinal 1057, tramo entre Fort\u00edn Soledad y El Churcalito, mejorando los caminos y accesos.<\/p>\n\n\n\n<p>Explic\u00f3 que \u201cforma parte de la Red Provincial Vial, que a la vez oficia de protecci\u00f3n contra las crecida del R\u00edo Pilcomayo\u201d, precisando que \u201cactualmente se est\u00e1 realizando un trabajo de recrecimiento de la cota del terrapl\u00e9n\u201d.<\/p>\n\n\n\n<p>En este sentido, el funcionario resalt\u00f3 que \u201cen estos d\u00edas estuvimos haciendo una recorrida por toda la zona oeste, la banda norte y la banda sur del Ba\u00f1ado La Estrella, visitando las distintas localidades, parajes y monitoreando los trabajos que tenemos en ejecuci\u00f3n en estos distintos frentes\u201d.<\/p>\n\n\n\n<p>Y marc\u00f3 que \u201cdesde el Gobierno de Formosa se est\u00e1 trabajando y a\u00fan no hay inconvenientes con respecto a la presi\u00f3n del R\u00edo Pilcomayo\u201d, a\u00f1adiendo que \u201cestamos constantemente controlando la crecida y los actuales picos\u201d.<\/p>\n\n\n\n<figure class=\"wp-block-image\"><a href=\"https:\/\/agenfor.com.ar\/wp-content\/uploads\/2025\/01\/Camino-Vecinal-1057-2.jpeg\"><img decoding=\"async\" src=\"https:\/\/agenfor.com.ar\/wp-content\/uploads\/2025\/01\/Camino-Vecinal-1057-2-1024x576.jpeg\" alt=\"\" class=\"wp-image-216697\"\/><\/a><\/figure>\n\n\n\n<p>Por su parte, David Gamarra, t\u00e9cnico de la Direcci\u00f3n Provincial de Vialidad, detall\u00f3 que \u201cestamos trabajando en la limpieza y marcaci\u00f3n inicial de un camino costero que se arranca en Mar\u00eda Cristina y bordea toda la margen sur del Ba\u00f1ado La Estrella, tramo que se abri\u00f3 hace un a\u00f1o aproximadamente\u201d.<\/p>\n\n\n\n<p>Asimismo, a\u00f1adi\u00f3 que \u201cen la \u00faltima etapa vincula El Quemado con el paraje El Churcalito\u201d, y se\u00f1al\u00f3 que \u201cestamos gestionando para lograr un camino con alcantarillas y compuertas\u201d, marcando que \u201cesto formar\u00eda parte del camino que ya existe desde El Churcalito hasta Fort\u00edn Soledad\u201d.<\/p>\n\n\n\n<p>Y expuso que este \u00faltimo, a su vez, se vincula a Punta del Agua, para luego ya salir a la Ruta Provincial N\u00b0 28 y comunicarnos hasta la RP N\u00b0 26\u201d.<\/p>\n\n\n\n<p>\u201cO sea, tenemos un gran camino que va bordeando el sur del Ba\u00f1ado desde la Ruta 26 hasta Mar\u00eda Cristina\u201d, valor\u00f3, puntualizando que \u201cson aproximadamente 300 kil\u00f3metros\u201d.<\/p>\n\n\n\n<p>De esta manera, resalt\u00f3 que \u201cesta zona est\u00e1 llena de familias, puestos de productores\u201d, por eso, \u201ceste camino favorece mucho a los productores ya que posibilita sacar a los animales con transportes mucho m\u00e1s pesados\u201d, asegur\u00f3.<\/p>\n\n\n\n<p>Y record\u00f3 que \u201ceste trabajo hab\u00eda sido una promesa del gobernador Gildo Insfr\u00e1n, formando parte de toda la infraestructura del Modelo Formose\u00f1o, para mejorar la vida de todos los lugare\u00f1os\u201d.<\/p>\n\n\n\n<p>Al concluir, adelant\u00f3 que \u201ctambi\u00e9n ya estamos en la etapa de estudio del tramo Rinconada Criolla y El Ca\u00f1\u00f3n que hay que rectificar el camino para que sea m\u00e1s transitable\u201d.<\/p>\n","protected":false},"excerpt":{"rendered":"<p>Adem\u00e1s de vincular los parajes de la zona, protege a la comunidad de las crecidas<\/p>\n","protected":false},"author":8,"featured_media":64712,"comment_status":"closed","ping_status":"closed","sticky":false,"template":"","format":"standard","meta":{"footnotes":""},"categories":[1],"tags":[],"class_list":["post-64711","post","type-post","status-publish","format-standard","has-post-thumbnail","hentry","category-noticias"],"_links":{"self":[{"href":"https:\/\/24formosa.com.ar\/index.php?rest_route=\/wp\/v2\/posts\/64711","targetHints":{"allow":["GET"]}}],"collection":[{"href":"https:\/\/24formosa.com.ar\/index.php?rest_route=\/wp\/v2\/posts"}],"about":[{"href":"https:\/\/24formosa.com.ar\/index.php?rest_route=\/wp\/v2\/types\/post"}],"author":[{"embeddable":true,"href":"https:\/\/24formosa.com.ar\/index.php?rest_route=\/wp\/v2\/users\/8"}],"replies":[{"embeddable":true,"href":"https:\/\/24formosa.com.ar\/index.php?rest_route=%2Fwp%2Fv2%2Fcomments&post=64711"}],"version-history":[{"count":1,"href":"https:\/\/24formosa.com.ar\/index.php?rest_route=\/wp\/v2\/posts\/64711\/revisions"}],"predecessor-version":[{"id":64713,"href":"https:\/\/24formosa.com.ar\/index.php?rest_route=\/wp\/v2\/posts\/64711\/revisions\/64713"}],"wp:featuredmedia":[{"embeddable":true,"href":"https:\/\/24formosa.com.ar\/index.php?rest_route=\/wp\/v2\/media\/64712"}],"wp:attachment":[{"href":"https:\/\/24formosa.com.ar\/index.php?rest_route=%2Fwp%2Fv2%2Fmedia&parent=64711"}],"wp:term":[{"taxonomy":"category","embeddable":true,"href":"https:\/\/24formosa.com.ar\/index.php?rest_route=%2Fwp%2Fv2%2Fcategories&post=64711"},{"taxonomy":"post_tag","embeddable":true,"href":"https:\/\/24formosa.com.ar\/index.php?rest_route=%2Fwp%2Fv2%2Ftags&post=64711"}],"curies":[{"name":"wp","href":"https:\/\/api.w.org\/{rel}","templated":true}]}}