{"id":64705,"date":"2025-01-14T21:05:55","date_gmt":"2025-01-15T00:05:55","guid":{"rendered":"https:\/\/24formosa.com.ar\/?p=64705"},"modified":"2025-01-14T21:05:55","modified_gmt":"2025-01-15T00:05:55","slug":"verano-accesible-una-propuesta-del-gobierno-provincial-a-traves-del-ias-comenzara-este-miercoles","status":"publish","type":"post","link":"https:\/\/24formosa.com.ar\/?p=64705","title":{"rendered":"\u201cVerano Accesible\u201d: una propuesta del Gobierno provincial a trav\u00e9s del IAS comenzar\u00e1 este mi\u00e9rcoles"},"content":{"rendered":"\n<p><em>Est\u00e1 destinado a ni\u00f1os y j\u00f3venes beneficiarios de los distintos programas sociales que implementa el organismo.<\/em><\/p>\n\n\n\n<p>El Gobierno de Formosa a trav\u00e9s del Instituto de Asistencia Social dar\u00e1 inicio al programa&nbsp;<strong>\u201cVerano Accesible\u201d&nbsp;<\/strong>este mi\u00e9rcoles 15 en las instalaciones del camping de la Asociaci\u00f3n Mutual de Empleados del Instituto de Asistencia Social (AMEIAS) ubicado en Ruta 11 KM 14 desde las 8.30 horas con acceso gratuito, para brindar un espacio de disfrute y aprendizaje mediante actividades acu\u00e1ticas y recreativas adaptadas.<\/p>\n\n\n\n<p><strong>Los beneficiarios<\/strong><\/p>\n\n\n\n<p>Como cada a\u00f1o el Instituto desarrollar\u00e1 la colonia de vacaciones, \u201cVerano Accesible\u201d, que resulta una propuesta inclusiva y recreativa destinada a ni\u00f1os, ni\u00f1as y j\u00f3venes con discapacidad que participan de los distintos programas sociales que lleva adelante el gobierno provincial a trav\u00e9s de la instituci\u00f3n y la participaci\u00f3n de otras instituciones de gobierno.\u201d<\/p>\n\n\n\n<p>Los beneficiarios podr\u00e1n participar de las actividades de manera gratuita los d\u00edas martes, mi\u00e9rcoles y jueves en horarios de 8:00 a 11:00 horas, donde ser\u00e1n acompa\u00f1ados por profesionales del IAS que los guiar\u00e1n en cada propuesta l\u00fadica adaptada.<\/p>\n\n\n\n<figure class=\"wp-block-image\"><a href=\"https:\/\/agenfor.com.ar\/wp-content\/uploads\/2025\/01\/Verano-Accesible-1.jpeg\"><img decoding=\"async\" src=\"https:\/\/agenfor.com.ar\/wp-content\/uploads\/2025\/01\/Verano-Accesible-1.jpeg\" alt=\"\" class=\"wp-image-216680\"\/><\/a><\/figure>\n\n\n\n<p><strong>Las actividades<\/strong><\/p>\n\n\n\n<p>Desde el organismo se mencion\u00f3 que \u201cse trata de una propuesta inclusiva y recreativa dirigida a ni\u00f1os, ni\u00f1as y j\u00f3venes con discapacidad, con el objetivo de brindar un espacio de disfrute y aprendizaje. Donde los participantes podr\u00e1n realizar una serie de actividades acu\u00e1ticas y recreativas adaptadas para todos\u201d.<\/p>\n\n\n\n<p>Por otra parte, se destac\u00f3 que, \u201cel predio del AMEIAS es un espacio pensado para ofrecer diversas experiencias que estimulan el desarrollo f\u00edsico y emocional de los ni\u00f1os y j\u00f3venes\u201d.<\/p>\n\n\n\n<p>En cuanto a las actividades se detall\u00f3 que, \u201clos ni\u00f1os y j\u00f3venes podr\u00e1n desarrollar juegos acu\u00e1ticos, visitas a la granja, donde podr\u00e1n interactuar con animales, as\u00ed como tambi\u00e9n realizar actividades en la Sala de Estimulaci\u00f3n Sensorial, dise\u00f1ada para mejorar la percepci\u00f3n y la interacci\u00f3n de los j\u00f3venes con su entorno\u201d.<\/p>\n\n\n\n<p>As\u00ed tambi\u00e9n se resalt\u00f3 que, \u201cel programa ofrece la posibilidad de disfrutar de la experiencia ecuestre, una actividad que ha demostrado ser altamente beneficiosa en el desarrollo f\u00edsico y emocional de los participantes\u201d.<\/p>\n\n\n\n<p>A trav\u00e9s de estas actividades, el Programa&nbsp;<strong>\u201cVerano Accesible\u201d<\/strong>&nbsp;busca complementar las dem\u00e1s propuestas de actividades de verano que ofrece el gobierno provincial, promoviendo la inclusi\u00f3n, el bienestar y la autonom\u00eda de los ni\u00f1os y j\u00f3venes con discapacidad, proporcionando un entorno seguro y estimulante para su disfrute y aprendizaje durante el verano.<\/p>\n","protected":false},"excerpt":{"rendered":"<p>Est\u00e1 destinado a ni\u00f1os y j\u00f3venes beneficiarios de los distintos programas sociales que implementa el<\/p>\n","protected":false},"author":8,"featured_media":64706,"comment_status":"closed","ping_status":"closed","sticky":false,"template":"","format":"standard","meta":{"footnotes":""},"categories":[1],"tags":[],"class_list":["post-64705","post","type-post","status-publish","format-standard","has-post-thumbnail","hentry","category-noticias"],"_links":{"self":[{"href":"https:\/\/24formosa.com.ar\/index.php?rest_route=\/wp\/v2\/posts\/64705","targetHints":{"allow":["GET"]}}],"collection":[{"href":"https:\/\/24formosa.com.ar\/index.php?rest_route=\/wp\/v2\/posts"}],"about":[{"href":"https:\/\/24formosa.com.ar\/index.php?rest_route=\/wp\/v2\/types\/post"}],"author":[{"embeddable":true,"href":"https:\/\/24formosa.com.ar\/index.php?rest_route=\/wp\/v2\/users\/8"}],"replies":[{"embeddable":true,"href":"https:\/\/24formosa.com.ar\/index.php?rest_route=%2Fwp%2Fv2%2Fcomments&post=64705"}],"version-history":[{"count":1,"href":"https:\/\/24formosa.com.ar\/index.php?rest_route=\/wp\/v2\/posts\/64705\/revisions"}],"predecessor-version":[{"id":64707,"href":"https:\/\/24formosa.com.ar\/index.php?rest_route=\/wp\/v2\/posts\/64705\/revisions\/64707"}],"wp:featuredmedia":[{"embeddable":true,"href":"https:\/\/24formosa.com.ar\/index.php?rest_route=\/wp\/v2\/media\/64706"}],"wp:attachment":[{"href":"https:\/\/24formosa.com.ar\/index.php?rest_route=%2Fwp%2Fv2%2Fmedia&parent=64705"}],"wp:term":[{"taxonomy":"category","embeddable":true,"href":"https:\/\/24formosa.com.ar\/index.php?rest_route=%2Fwp%2Fv2%2Fcategories&post=64705"},{"taxonomy":"post_tag","embeddable":true,"href":"https:\/\/24formosa.com.ar\/index.php?rest_route=%2Fwp%2Fv2%2Ftags&post=64705"}],"curies":[{"name":"wp","href":"https:\/\/api.w.org\/{rel}","templated":true}]}}