{"id":64692,"date":"2025-01-13T20:31:22","date_gmt":"2025-01-13T23:31:22","guid":{"rendered":"https:\/\/24formosa.com.ar\/?p=64692"},"modified":"2025-01-13T20:31:22","modified_gmt":"2025-01-13T23:31:22","slug":"comenzo-el-ciclo-de-cine-gratuito-de-la-temporada-veraniega","status":"publish","type":"post","link":"https:\/\/24formosa.com.ar\/?p=64692","title":{"rendered":"Comenz\u00f3 el ciclo de cine gratuito de la temporada veraniega"},"content":{"rendered":"\n<p><em>Tal como se hab\u00eda anunciado, el Gobierno provincial puso en marcha este lunes 13 el ciclo de cine gratuito durante la temporada de verano, destinado al p\u00fablico infantil<\/em>&nbsp;y<em>&nbsp;adolescente.<\/em><\/p>\n\n\n\n<p>La Subsecretar\u00eda de Cultura puso a disposici\u00f3n de la ni\u00f1ez este lunes 13 la primera pel\u00edcula gratuita, \u201cRobot Salvaje\u201d, en el Cine Italia, que tambi\u00e9n podr\u00e1 verse el d\u00eda martes. La funci\u00f3n tuvo lugar durante la ma\u00f1ana, estando prevista el mi\u00e9rcoles 15 otra funci\u00f3n, esta vez para el p\u00fablico adolescente, con la pel\u00edcula \u201cDeadpool &amp; Wolverine\u201d, apta para mayores de 12 a\u00f1os.<\/p>\n\n\n\n<p>As\u00ed lo confirm\u00f3 a la&nbsp;<strong><em>Agencia de Noticias Formosa<\/em><\/strong>&nbsp;(AGENFOR) la profesora Graciela Marechal, directora de Acci\u00f3n Cultural, quien dijo que se trata de una propuesta que tuvo \u00e9xito en el a\u00f1o 2024, y por eso se repite.<\/p>\n\n\n\n<figure class=\"wp-block-image\"><a href=\"https:\/\/agenfor.com.ar\/wp-content\/uploads\/2025\/01\/737c9c3c-a3bd-41c6-88a1-2a2730af74a6.jpg\"><img decoding=\"async\" src=\"https:\/\/agenfor.com.ar\/wp-content\/uploads\/2025\/01\/737c9c3c-a3bd-41c6-88a1-2a2730af74a6-1024x1024.jpg\" alt=\"\" class=\"wp-image-216513\"\/><\/a><\/figure>\n\n\n\n<p>La funci\u00f3n es a las 9.30 horas y est\u00e1 previsto que se extienda durante toda las vacaciones, previendo ampliar los d\u00edas. Sobre el horario, explic\u00f3 que debe ser por la ma\u00f1ana, porque el Cine Teatro Italia cuenta con su programaci\u00f3n habitual, por la tarde.<\/p>\n\n\n\n<p>\u201cTambi\u00e9n tenemos m\u00e1s pel\u00edculas para mostrar durante todo el verano. No solamente van a ser estas pel\u00edculas, sino que vamos a agregar m\u00e1s pel\u00edculas y vemos c\u00f3mo resulte la demanda\u201d, anticip\u00f3.<\/p>\n\n\n\n<p>En otro orden, anticip\u00f3 Marechal que durante el a\u00f1o 2025 se dar\u00e1 continuidad no s\u00f3lo a los talleres que propone el Ministerio, sino tambi\u00e9n capacitaciones. Adem\u00e1s, se\u00f1al\u00f3 que se abrir\u00e1 la galer\u00eda del Teatro de la Ciudad, donde funciona una galer\u00eda de arte, para disfrutar distintas muestras.<\/p>\n","protected":false},"excerpt":{"rendered":"<p>Tal como se hab\u00eda anunciado, el Gobierno provincial puso en marcha este lunes 13 el<\/p>\n","protected":false},"author":8,"featured_media":64693,"comment_status":"closed","ping_status":"closed","sticky":false,"template":"","format":"standard","meta":{"footnotes":""},"categories":[1],"tags":[],"class_list":["post-64692","post","type-post","status-publish","format-standard","has-post-thumbnail","hentry","category-noticias"],"_links":{"self":[{"href":"https:\/\/24formosa.com.ar\/index.php?rest_route=\/wp\/v2\/posts\/64692","targetHints":{"allow":["GET"]}}],"collection":[{"href":"https:\/\/24formosa.com.ar\/index.php?rest_route=\/wp\/v2\/posts"}],"about":[{"href":"https:\/\/24formosa.com.ar\/index.php?rest_route=\/wp\/v2\/types\/post"}],"author":[{"embeddable":true,"href":"https:\/\/24formosa.com.ar\/index.php?rest_route=\/wp\/v2\/users\/8"}],"replies":[{"embeddable":true,"href":"https:\/\/24formosa.com.ar\/index.php?rest_route=%2Fwp%2Fv2%2Fcomments&post=64692"}],"version-history":[{"count":1,"href":"https:\/\/24formosa.com.ar\/index.php?rest_route=\/wp\/v2\/posts\/64692\/revisions"}],"predecessor-version":[{"id":64694,"href":"https:\/\/24formosa.com.ar\/index.php?rest_route=\/wp\/v2\/posts\/64692\/revisions\/64694"}],"wp:featuredmedia":[{"embeddable":true,"href":"https:\/\/24formosa.com.ar\/index.php?rest_route=\/wp\/v2\/media\/64693"}],"wp:attachment":[{"href":"https:\/\/24formosa.com.ar\/index.php?rest_route=%2Fwp%2Fv2%2Fmedia&parent=64692"}],"wp:term":[{"taxonomy":"category","embeddable":true,"href":"https:\/\/24formosa.com.ar\/index.php?rest_route=%2Fwp%2Fv2%2Fcategories&post=64692"},{"taxonomy":"post_tag","embeddable":true,"href":"https:\/\/24formosa.com.ar\/index.php?rest_route=%2Fwp%2Fv2%2Ftags&post=64692"}],"curies":[{"name":"wp","href":"https:\/\/api.w.org\/{rel}","templated":true}]}}