{"id":64689,"date":"2025-01-13T20:29:22","date_gmt":"2025-01-13T23:29:22","guid":{"rendered":"https:\/\/24formosa.com.ar\/?p=64689"},"modified":"2025-01-13T20:29:22","modified_gmt":"2025-01-13T23:29:22","slug":"inicio-el-segundo-modulo-de-las-colonias-de-vacaciones","status":"publish","type":"post","link":"https:\/\/24formosa.com.ar\/?p=64689","title":{"rendered":"Inici\u00f3 el segundo m\u00f3dulo de las colonias de vacaciones"},"content":{"rendered":"\n<p>En el marco de esta temporada de verano 2025, este lunes 13 se puso en marcha la segunda semana de las colonias de vacaciones, propuestas gratuitas del Gobierno de Formosa para el disfrute de la ni\u00f1ez formose\u00f1a. &nbsp;<\/p>\n\n\n\n<figure class=\"wp-block-image\"><a href=\"https:\/\/agenfor.com.ar\/wp-content\/uploads\/2025\/01\/Comenzo-el-segundo-modulo-de-las-colonias-2-1.jpeg\"><img decoding=\"async\" src=\"https:\/\/agenfor.com.ar\/wp-content\/uploads\/2025\/01\/Comenzo-el-segundo-modulo-de-las-colonias-2-1-1024x771.jpeg\" alt=\"\" class=\"wp-image-216509\"\/><\/a><\/figure>\n\n\n\n<p>La profesora Guadalupe Robles, directora del Parque Infantil Para\u00edso de los Ni\u00f1os, destac\u00f3 que \u201ceste lunes dimos inicio al segundo m\u00f3dulo de las colonias de vacaciones del Gobierno de Formosa, as\u00ed que m\u00e1s que felices\u201d.<\/p>\n\n\n\n<p>\u201cLos chicos disfrutaron del agua, luego del izamiento de las banderas y del trabajo realizado con el equipo del Ministerio de Desarrollo Humano para la revisaci\u00f3n m\u00e9dica, el desayuno y un ratito de recreaci\u00f3n. El plato fuerte que m\u00e1s atrae a los chicos es la pileta\u201d, subray\u00f3, en declaraciones a la&nbsp;<strong><em>Agencia de Noticias Formosa (AGENFOR).<\/em><\/strong><\/p>\n\n\n\n<p>Indic\u00f3 que esta semana ser\u00e1 el turno de ni\u00f1os y ni\u00f1as de barrios capitalinos como San Miguel, Las Delicias, Obrero, Villa Hermosa, entre otros.<\/p>\n\n\n\n<p>Adem\u00e1s, invit\u00f3 a los padres que \u201cquieran traer a sus chicos en forma particular, el \u00fanico requisito es traerlos y retirarlos a horario. Pueden acercarse a las instalaciones del Para\u00edso, donde las chicas les tomar\u00e1n los datos para la inscripci\u00f3n\u201d.<\/p>\n","protected":false},"excerpt":{"rendered":"<p>En el marco de esta temporada de verano 2025, este lunes 13 se puso en<\/p>\n","protected":false},"author":8,"featured_media":64690,"comment_status":"closed","ping_status":"closed","sticky":false,"template":"","format":"standard","meta":{"footnotes":""},"categories":[1],"tags":[],"class_list":["post-64689","post","type-post","status-publish","format-standard","has-post-thumbnail","hentry","category-noticias"],"_links":{"self":[{"href":"https:\/\/24formosa.com.ar\/index.php?rest_route=\/wp\/v2\/posts\/64689","targetHints":{"allow":["GET"]}}],"collection":[{"href":"https:\/\/24formosa.com.ar\/index.php?rest_route=\/wp\/v2\/posts"}],"about":[{"href":"https:\/\/24formosa.com.ar\/index.php?rest_route=\/wp\/v2\/types\/post"}],"author":[{"embeddable":true,"href":"https:\/\/24formosa.com.ar\/index.php?rest_route=\/wp\/v2\/users\/8"}],"replies":[{"embeddable":true,"href":"https:\/\/24formosa.com.ar\/index.php?rest_route=%2Fwp%2Fv2%2Fcomments&post=64689"}],"version-history":[{"count":1,"href":"https:\/\/24formosa.com.ar\/index.php?rest_route=\/wp\/v2\/posts\/64689\/revisions"}],"predecessor-version":[{"id":64691,"href":"https:\/\/24formosa.com.ar\/index.php?rest_route=\/wp\/v2\/posts\/64689\/revisions\/64691"}],"wp:featuredmedia":[{"embeddable":true,"href":"https:\/\/24formosa.com.ar\/index.php?rest_route=\/wp\/v2\/media\/64690"}],"wp:attachment":[{"href":"https:\/\/24formosa.com.ar\/index.php?rest_route=%2Fwp%2Fv2%2Fmedia&parent=64689"}],"wp:term":[{"taxonomy":"category","embeddable":true,"href":"https:\/\/24formosa.com.ar\/index.php?rest_route=%2Fwp%2Fv2%2Fcategories&post=64689"},{"taxonomy":"post_tag","embeddable":true,"href":"https:\/\/24formosa.com.ar\/index.php?rest_route=%2Fwp%2Fv2%2Ftags&post=64689"}],"curies":[{"name":"wp","href":"https:\/\/api.w.org\/{rel}","templated":true}]}}