{"id":64686,"date":"2025-01-13T20:27:59","date_gmt":"2025-01-13T23:27:59","guid":{"rendered":"https:\/\/24formosa.com.ar\/?p=64686"},"modified":"2025-01-13T20:27:59","modified_gmt":"2025-01-13T23:27:59","slug":"el-gobierno-provincial-ratifico-su-apoyo-al-sector-pyme-e-industrial","status":"publish","type":"post","link":"https:\/\/24formosa.com.ar\/?p=64686","title":{"rendered":"El Gobierno provincial ratific\u00f3 su apoyo al sector pyme e industrial"},"content":{"rendered":"\n<p><em>Conocido el rumbo econ\u00f3mico que estableci\u00f3 el Gobierno nacional dirigido por Javier Milei, sin apoyo al sector de peque\u00f1as y medianas empresas, el Gobierno formose\u00f1o ratific\u00f3 su compromiso de apuntalar con herramientas a este sector clave de la econom\u00eda local.<\/em><\/p>\n\n\n\n<p>En una entrevista que concedi\u00f3 a la&nbsp;<strong><em>Agencia de Noticias Formosa&nbsp;<\/em><\/strong>(AGENFOR), el subsecretario de Desarrollo Econ\u00f3mico, Horacio Cosenza, evalu\u00f3 las decisiones pol\u00edticas que tom\u00f3 el presidente libertario, al se\u00f1alar que \u201cno favorecen al sector pyme, como tampoco al sector industrial del pa\u00eds, y claramente a nuestra provincia tampoco\u201d.<\/p>\n\n\n\n<p>\u201cYa esta es la segunda vez que pareciera ser que va a prorrogar el Presupuesto nacional en donde en ning\u00fan momento aparece ning\u00fan tipo de pol\u00edtica econ\u00f3mica o alguna pol\u00edtica p\u00fablica en beneficio o a favor del sector pyme o del sector industrial\u201d, lament\u00f3.<\/p>\n\n\n\n<figure class=\"wp-block-image\"><a href=\"https:\/\/agenfor.com.ar\/wp-content\/uploads\/2025\/01\/Horacio-Cosenza-subsecretario-de-Desarrollo-Economico-1-1024x682-1.jpeg\"><img decoding=\"async\" src=\"https:\/\/agenfor.com.ar\/wp-content\/uploads\/2025\/01\/Horacio-Cosenza-subsecretario-de-Desarrollo-Economico-1-1024x682-1.jpeg\" alt=\"\" class=\"wp-image-216523\"\/><\/a><\/figure>\n\n\n\n<p>Tras ratificar que Formosa va \u201cen sentido contrario\u201d a esa decisi\u00f3n pol\u00edtica nacional, record\u00f3 que durante todo el a\u00f1o 2024, el Gobierno provincial acompa\u00f1\u00f3 a la peque\u00f1a y mediana empresa, al sector industrial, comercial, al que brinda servicios, y anticip\u00f3 que el camino ser\u00e1 el mismo durante el presente a\u00f1o.<\/p>\n\n\n\n<p>Dijo que, en ese sentido, ya comenzaron a definir las l\u00edneas de trabajo que desde la Subsecretar\u00eda a su cargo, en conjunto con el Ministerio de Econom\u00eda, \u201ctratando de hacer un trabajo en equipo en beneficio de todos los sectores que son generadores de puestos de trabajo, de la econom\u00eda real\u201d, por pedido del gobernador Gildo Insfr\u00e1n.<\/p>\n\n\n\n<p>En ese marco, record\u00f3 que durante el a\u00f1o 2024 se generaron no solo programas de asistencia t\u00e9cnica, sino tambi\u00e9n financiera para los distintos sectores. Y dijo que, como resultado, el sector industrial y el sector pyme invirti\u00f3 en sus empresas para la compra de equipamiento, entre otras inversiones.<\/p>\n\n\n\n<figure class=\"wp-block-image\"><a href=\"https:\/\/agenfor.com.ar\/wp-content\/uploads\/2025\/01\/57ce99a4-c144-4e1f-86c2-3570226cf6b8.jpg\"><img decoding=\"async\" src=\"https:\/\/agenfor.com.ar\/wp-content\/uploads\/2025\/01\/57ce99a4-c144-4e1f-86c2-3570226cf6b8-1024x768.jpg\" alt=\"\" class=\"wp-image-216524\"\/><\/a><\/figure>\n","protected":false},"excerpt":{"rendered":"<p>Conocido el rumbo econ\u00f3mico que estableci\u00f3 el Gobierno nacional dirigido por Javier Milei, sin apoyo<\/p>\n","protected":false},"author":8,"featured_media":64687,"comment_status":"closed","ping_status":"closed","sticky":false,"template":"","format":"standard","meta":{"footnotes":""},"categories":[1],"tags":[],"class_list":["post-64686","post","type-post","status-publish","format-standard","has-post-thumbnail","hentry","category-noticias"],"_links":{"self":[{"href":"https:\/\/24formosa.com.ar\/index.php?rest_route=\/wp\/v2\/posts\/64686","targetHints":{"allow":["GET"]}}],"collection":[{"href":"https:\/\/24formosa.com.ar\/index.php?rest_route=\/wp\/v2\/posts"}],"about":[{"href":"https:\/\/24formosa.com.ar\/index.php?rest_route=\/wp\/v2\/types\/post"}],"author":[{"embeddable":true,"href":"https:\/\/24formosa.com.ar\/index.php?rest_route=\/wp\/v2\/users\/8"}],"replies":[{"embeddable":true,"href":"https:\/\/24formosa.com.ar\/index.php?rest_route=%2Fwp%2Fv2%2Fcomments&post=64686"}],"version-history":[{"count":1,"href":"https:\/\/24formosa.com.ar\/index.php?rest_route=\/wp\/v2\/posts\/64686\/revisions"}],"predecessor-version":[{"id":64688,"href":"https:\/\/24formosa.com.ar\/index.php?rest_route=\/wp\/v2\/posts\/64686\/revisions\/64688"}],"wp:featuredmedia":[{"embeddable":true,"href":"https:\/\/24formosa.com.ar\/index.php?rest_route=\/wp\/v2\/media\/64687"}],"wp:attachment":[{"href":"https:\/\/24formosa.com.ar\/index.php?rest_route=%2Fwp%2Fv2%2Fmedia&parent=64686"}],"wp:term":[{"taxonomy":"category","embeddable":true,"href":"https:\/\/24formosa.com.ar\/index.php?rest_route=%2Fwp%2Fv2%2Fcategories&post=64686"},{"taxonomy":"post_tag","embeddable":true,"href":"https:\/\/24formosa.com.ar\/index.php?rest_route=%2Fwp%2Fv2%2Ftags&post=64686"}],"curies":[{"name":"wp","href":"https:\/\/api.w.org\/{rel}","templated":true}]}}