{"id":64680,"date":"2025-01-13T20:23:58","date_gmt":"2025-01-13T23:23:58","guid":{"rendered":"https:\/\/24formosa.com.ar\/?p=64680"},"modified":"2025-01-13T20:23:59","modified_gmt":"2025-01-13T23:23:59","slug":"formosa-y-otras-provincias-en-alerta-por-altas-temperaturas","status":"publish","type":"post","link":"https:\/\/24formosa.com.ar\/?p=64680","title":{"rendered":"Formosa y otras provincias en alerta por altas temperaturas"},"content":{"rendered":"\n<p>El Servicio Meteorol\u00f3gico Nacional (SMN)&nbsp;<a href=\"https:\/\/www.smn.gob.ar\/sistema_temp_extremas_calor\">emiti\u00f3 una alerta amarilla<\/a>&nbsp;para al menos 14 provincias de la regi\u00f3n norte y centro del pa\u00eds, incluida el \u00c1rea Metropolitana de Buenos Aires (AMBA), en lo que ser\u00e1 la primera gran ola de calor del a\u00f1o, con temperaturas que no bajar\u00e1n de los 30 grados.<\/p>\n\n\n\n<figure class=\"wp-block-image\"><a href=\"https:\/\/agenfor.com.ar\/wp-content\/uploads\/2025\/01\/mapa_temp_extremas-2.png\"><img decoding=\"async\" src=\"https:\/\/agenfor.com.ar\/wp-content\/uploads\/2025\/01\/mapa_temp_extremas-2.png\" alt=\"\" class=\"wp-image-216499\"\/><\/a><\/figure>\n\n\n\n<p>Bajo este panorama se encuentran las provincias de&nbsp;<strong>Formosa<\/strong>, norte de Chaco, oeste de Salta y algunas ciudades del norte de Misiones.<\/p>\n\n\n\n<p>Adem\u00e1s, las altas temperaturas se extender\u00e1n hacia las localidades del sur de Entre R\u00edos; todo Corrientes, Santa Fe, C\u00f3rdoba y San Luis; sur de Santiago del Estero y de La Rioja; Neuqu\u00e9n, La Pampa y Buenos Aires.<\/p>\n\n\n\n<p>En el caso de Formosa, el centro oeste del territorio se encuentra alcanzado por una alerta de nivel amarillo, de efecto leve a moderado en la salud, donde las temperaturas pueden ser peligrosas, sobre todo para los grupos de riesgo, como ni\u00f1os y ni\u00f1as, personas mayores de 65 a\u00f1os, con enfermedades cr\u00f3nicas.<\/p>\n\n\n\n<p>En cuanto a la zona este de la provincia, de momento mantiene el nivel verde, esto es sin efecto sobre la salud de la poblaci\u00f3n.<\/p>\n\n\n\n<p>Es as\u00ed que para esta semana se esperan temperaturas m\u00e1ximas que llegar\u00e1n hasta los 39\u00b0, por lo que se espera que la sensaci\u00f3n t\u00e9rmica supere ampliamente los 40\u00b0.<\/p>\n","protected":false},"excerpt":{"rendered":"<p>El Servicio Meteorol\u00f3gico Nacional (SMN)&nbsp;emiti\u00f3 una alerta amarilla&nbsp;para al menos 14 provincias de la regi\u00f3n<\/p>\n","protected":false},"author":8,"featured_media":64681,"comment_status":"closed","ping_status":"closed","sticky":false,"template":"","format":"standard","meta":{"footnotes":""},"categories":[1],"tags":[],"class_list":["post-64680","post","type-post","status-publish","format-standard","has-post-thumbnail","hentry","category-noticias"],"_links":{"self":[{"href":"https:\/\/24formosa.com.ar\/index.php?rest_route=\/wp\/v2\/posts\/64680","targetHints":{"allow":["GET"]}}],"collection":[{"href":"https:\/\/24formosa.com.ar\/index.php?rest_route=\/wp\/v2\/posts"}],"about":[{"href":"https:\/\/24formosa.com.ar\/index.php?rest_route=\/wp\/v2\/types\/post"}],"author":[{"embeddable":true,"href":"https:\/\/24formosa.com.ar\/index.php?rest_route=\/wp\/v2\/users\/8"}],"replies":[{"embeddable":true,"href":"https:\/\/24formosa.com.ar\/index.php?rest_route=%2Fwp%2Fv2%2Fcomments&post=64680"}],"version-history":[{"count":1,"href":"https:\/\/24formosa.com.ar\/index.php?rest_route=\/wp\/v2\/posts\/64680\/revisions"}],"predecessor-version":[{"id":64682,"href":"https:\/\/24formosa.com.ar\/index.php?rest_route=\/wp\/v2\/posts\/64680\/revisions\/64682"}],"wp:featuredmedia":[{"embeddable":true,"href":"https:\/\/24formosa.com.ar\/index.php?rest_route=\/wp\/v2\/media\/64681"}],"wp:attachment":[{"href":"https:\/\/24formosa.com.ar\/index.php?rest_route=%2Fwp%2Fv2%2Fmedia&parent=64680"}],"wp:term":[{"taxonomy":"category","embeddable":true,"href":"https:\/\/24formosa.com.ar\/index.php?rest_route=%2Fwp%2Fv2%2Fcategories&post=64680"},{"taxonomy":"post_tag","embeddable":true,"href":"https:\/\/24formosa.com.ar\/index.php?rest_route=%2Fwp%2Fv2%2Ftags&post=64680"}],"curies":[{"name":"wp","href":"https:\/\/api.w.org\/{rel}","templated":true}]}}