{"id":64677,"date":"2025-01-13T20:22:05","date_gmt":"2025-01-13T23:22:05","guid":{"rendered":"https:\/\/24formosa.com.ar\/?p=64677"},"modified":"2025-01-13T20:22:08","modified_gmt":"2025-01-13T23:22:08","slug":"ibarreta-en-el-nuevo-paseo-la-estacion-recrearon-el-ultimo-viaje-del-tren-belgrano","status":"publish","type":"post","link":"https:\/\/24formosa.com.ar\/?p=64677","title":{"rendered":"Ibarreta: En el nuevo Paseo La Estaci\u00f3n recrearon el \u00faltimo viaje del tren Belgrano"},"content":{"rendered":"\n<p>En el marco de la inauguraci\u00f3n del Museo de la Estaci\u00f3n, que se desarroll\u00f3 este fin de semana en Ibarreta, donde los protagonistas fueron los ex ferroviarios con sus familiares, la Pe\u00f1a Municipal represent\u00f3 el \u00faltimo viaje del tren General Belgrano Formosa \u2013 Embarcaci\u00f3n, que ocurri\u00f3 en mayo de 1993.<\/p>\n\n\n\n<p>De esta manera, adem\u00e1s, qued\u00f3 habilitado el Paseo \u201cLa Estaci\u00f3n\u201d, lugar donde emprendedores locales podr\u00e1n desarrollar su actividad comercial.<\/p>\n\n\n\n<p>Fue la ibarrete\u00f1a Andrea Franco quien capt\u00f3 en su lente fotogr\u00e1fica la fant\u00e1stica puesta en escena del \u00faltimo viaje del tren; y record\u00f3 que, en aquella oportunidad, se clausuraron todas las estaciones del Ramal C-25 y quedaron sin trabajo muchos ferroviarios.<\/p>\n\n\n\n<p>\u201cLos aires pueblerinos del interior de Formosa ya no fueron iguales sin los sonidos caracter\u00edsticos de los trenes: el silbato que avisaba la partida; el chirriar de los engranajes cuando llegaban a la estaci\u00f3n; el ir y venir de las maniobras y el murmullo de los saludos o la algarab\u00eda que provocaba el reencuentro\u201d, relat\u00f3 Franco.<\/p>\n\n\n\n<figure class=\"wp-block-image\"><a href=\"https:\/\/agenfor.com.ar\/wp-content\/uploads\/2025\/01\/representacion_ultimo-viaje-en-tren-5.jpg\"><img decoding=\"async\" src=\"https:\/\/agenfor.com.ar\/wp-content\/uploads\/2025\/01\/representacion_ultimo-viaje-en-tren-5.jpg\" alt=\"\" class=\"wp-image-216552\"\/><\/a><\/figure>\n\n\n\n<p>Y agreg\u00f3: \u201cNuestra hist\u00f3rica estaci\u00f3n del tren, fue una de las primeras instituciones de Ibarreta, en este lugar, se produc\u00edan los m\u00e1s grandes eventos en aquellos a\u00f1os de sus inicios\u201d.<\/p>\n\n\n\n<p>Asimismo, detall\u00f3: \u201cCuando llegaba la locomotora a vapor, todo el pueblo se acercaba a recibir familiares, viajar o simplemente a mirar el enorme movimiento inusual que all\u00ed se produc\u00eda hasta que el tren retomara a horario su viaje, para luego quedar nuevamente vac\u00eda y en silencio la vieja estaci\u00f3n del ferrocarril\u201d.<\/p>\n\n\n\n<p>\u201cA\u00fan recuerdo como si fuera ayer, el sonido que indicaba la partida del tren, el guarda sujet\u00e1ndose en el \u00faltimo vag\u00f3n agitaba un bander\u00edn, a la vez el estruendoso ruido que produc\u00eda el enganche de los vagones cuando la locomotora principal iniciaba el arrastre. Muchos tuvimos la alegr\u00eda de viajar cuando \u00e9ramos ni\u00f1os\u201d, describi\u00f3.<\/p>\n\n\n\n<p>Y se pregunt\u00f3: \u201cCu\u00e1ntas historias tendr\u00e1n nuestros abuelos para contar\u201d ya que \u201cel tren era el \u00fanico medio de transporte y muchas veces el \u00fanico medio de comunicaci\u00f3n que ten\u00edamos con el mundo exterior\u201d.<\/p>\n\n\n\n<figure class=\"wp-block-image\"><a href=\"https:\/\/agenfor.com.ar\/wp-content\/uploads\/2025\/01\/representacion_ultimo-viaje-en-tren-7-e1736806608122.jpg\"><img decoding=\"async\" src=\"https:\/\/agenfor.com.ar\/wp-content\/uploads\/2025\/01\/representacion_ultimo-viaje-en-tren-7-e1736806608122.jpg\" alt=\"\" class=\"wp-image-216554\"\/><\/a><\/figure>\n\n\n\n<p>A trav\u00e9s del tren \u201cllegaban cartas, mercader\u00edas, familias que se instalaban, pasajeros que iban y ven\u00edan de visita, vendedores comerciantes, m\u00fasicos, hasta en \u00e9pocas de sequ\u00eda se lo esperaba que llegara con el vital l\u00edquido para poder sobrellevar esos d\u00edas hasta que las lluvias volvieran, tambi\u00e9n se transportaba ganado y se enviaban e ingresaban productos\u201d.<\/p>\n\n\n\n<p>\u201cHoy resiste el paso del tiempo, queda la belleza de su arquitectura y el recuerdo que perdurar\u00e1 eternamente de aquellas \u00e9pocas en que se poblaba y organizaba el interior de la Argentina y las fronteras\u201d, asegur\u00f3 Franco.<\/p>\n\n\n\n<p>Y concluy\u00f3: \u201cTodos en una inauguraci\u00f3n y yo solo fotografiando a este hombre, conocido como don Flores. Estoy segura que revivi\u00f3 tantos a\u00f1os de trabajo y momentos. Qu\u00e9 lindo es fotografiar este momento, que lindo es que mi foto est\u00e9 en todas partes\u201d.<\/p>\n","protected":false},"excerpt":{"rendered":"<p>En el marco de la inauguraci\u00f3n del Museo de la Estaci\u00f3n, que se desarroll\u00f3 este<\/p>\n","protected":false},"author":8,"featured_media":64678,"comment_status":"closed","ping_status":"closed","sticky":false,"template":"","format":"standard","meta":{"footnotes":""},"categories":[1],"tags":[],"class_list":["post-64677","post","type-post","status-publish","format-standard","has-post-thumbnail","hentry","category-noticias"],"_links":{"self":[{"href":"https:\/\/24formosa.com.ar\/index.php?rest_route=\/wp\/v2\/posts\/64677","targetHints":{"allow":["GET"]}}],"collection":[{"href":"https:\/\/24formosa.com.ar\/index.php?rest_route=\/wp\/v2\/posts"}],"about":[{"href":"https:\/\/24formosa.com.ar\/index.php?rest_route=\/wp\/v2\/types\/post"}],"author":[{"embeddable":true,"href":"https:\/\/24formosa.com.ar\/index.php?rest_route=\/wp\/v2\/users\/8"}],"replies":[{"embeddable":true,"href":"https:\/\/24formosa.com.ar\/index.php?rest_route=%2Fwp%2Fv2%2Fcomments&post=64677"}],"version-history":[{"count":1,"href":"https:\/\/24formosa.com.ar\/index.php?rest_route=\/wp\/v2\/posts\/64677\/revisions"}],"predecessor-version":[{"id":64679,"href":"https:\/\/24formosa.com.ar\/index.php?rest_route=\/wp\/v2\/posts\/64677\/revisions\/64679"}],"wp:featuredmedia":[{"embeddable":true,"href":"https:\/\/24formosa.com.ar\/index.php?rest_route=\/wp\/v2\/media\/64678"}],"wp:attachment":[{"href":"https:\/\/24formosa.com.ar\/index.php?rest_route=%2Fwp%2Fv2%2Fmedia&parent=64677"}],"wp:term":[{"taxonomy":"category","embeddable":true,"href":"https:\/\/24formosa.com.ar\/index.php?rest_route=%2Fwp%2Fv2%2Fcategories&post=64677"},{"taxonomy":"post_tag","embeddable":true,"href":"https:\/\/24formosa.com.ar\/index.php?rest_route=%2Fwp%2Fv2%2Ftags&post=64677"}],"curies":[{"name":"wp","href":"https:\/\/api.w.org\/{rel}","templated":true}]}}