{"id":64629,"date":"2025-01-10T20:48:04","date_gmt":"2025-01-10T23:48:04","guid":{"rendered":"https:\/\/24formosa.com.ar\/?p=64629"},"modified":"2025-01-10T20:48:05","modified_gmt":"2025-01-10T23:48:05","slug":"se-llevo-a-cabo-un-abordaje-territorial-en-islas-apando-y-buey-muerto","status":"publish","type":"post","link":"https:\/\/24formosa.com.ar\/?p=64629","title":{"rendered":"Se llev\u00f3 a cabo un abordaje territorial en Islas Apando y Buey Muerto"},"content":{"rendered":"\n<p>Este jueves 9, el Gobierno de Formosa, a trav\u00e9s del Ministerio de la Comunidad, llev\u00f3 a cabo un importante abordaje territorial en las comunidades de Isla Apando e Isla Buey Muerto, en el que adem\u00e1s participaron autoridades y equipos de trabajo de la Municipalidad de Clorinda, reafirmando el compromiso sostenido del Estado Formose\u00f1o para con las comunidades m\u00e1s vulnerables en todo el territorio provincial.<\/p>\n\n\n\n<p>Durante la jornada, se desarroll\u00f3 un espacio de escucha activa y di\u00e1logo con los pobladores de ambas islas, con el prop\u00f3sito de avanzar en el fortalecimiento de los v\u00ednculos entre los pobladores y los organismos provinciales y municipales, para el logro de la comunidad organizada.<\/p>\n\n\n\n<p>Las demandas y preocupaciones expresadas por los residentes fueron recogidas y ser\u00e1n canalizadas a los organismos pertinentes para su pronta atenci\u00f3n. Este esfuerzo se inscribe en un marco de trabajo integral y en red que lleva adelante el Gobierno de Formosa junto a los distintos Municipios de la provincia y, en particular junto al Municipio de Clorinda, fortaleciendo la cooperaci\u00f3n entre sus diversas \u00e1reas.<\/p>\n\n\n\n<p>Siguiendo las directrices del gobernador Gildo Insfr\u00e1n y el plan del Modelo Formose\u00f1o, que busca garantizar la presencia del Estado en todo el territorio, se entreg\u00f3 asistencia alimentaria a alrededor de cien familias locales. Esta acci\u00f3n forma parte de una estrategia integral de apoyo a los sectores m\u00e1s necesitados y asegurar que las pol\u00edticas sociales lleguen a todos los rincones de la provincia.<\/p>\n\n\n\n<figure class=\"wp-block-image\"><a href=\"https:\/\/agenfor.com.ar\/wp-content\/uploads\/2025\/01\/Se-llevo-a-cabo-un-abordaje-territorial-en-Islas-Apando-y-Buey-Muerto-3.jpeg\"><img decoding=\"async\" src=\"https:\/\/agenfor.com.ar\/wp-content\/uploads\/2025\/01\/Se-llevo-a-cabo-un-abordaje-territorial-en-Islas-Apando-y-Buey-Muerto-3-1024x1024.jpeg\" alt=\"\" class=\"wp-image-216285\"\/><\/a><\/figure>\n\n\n\n<p>El subsecretario de Desarrollo y Fortalecimiento Comunitario, Gabriel Alcaraz, destac\u00f3 la relevancia de estas iniciativas, se\u00f1alando que \u201cesto nos permite no s\u00f3lo aproximarnos a la complejidad de las situaciones, fortaleciendo las redes de trabajo con las que ya venimos trabajando, sino tambi\u00e9n dar respuestas con mayor celeridad, desde un enfoque de mayor cercan\u00eda y presencia por parte del Estado provincial, a nivel profesional y sobre todo humano\u201d.<\/p>\n\n\n\n<p>\u201cEl contexto actual nos exige m\u00e1s cercan\u00eda y un trabajo sostenido para fortalecer las redes de cuidado y acompa\u00f1amiento interinstitucionales\u201d, puntualiz\u00f3 el funcionario.<\/p>\n\n\n\n<p>Esta jornada de abordaje territorial refleja el compromiso continuo del Gobierno de Formosa de trabajar codo a codo con las comunidades, asegurando que las acciones gubernamentales sean efectivas y centradas en las necesidades reales de la poblaci\u00f3n.<\/p>\n","protected":false},"excerpt":{"rendered":"<p>Este jueves 9, el Gobierno de Formosa, a trav\u00e9s del Ministerio de la Comunidad, llev\u00f3<\/p>\n","protected":false},"author":8,"featured_media":64630,"comment_status":"closed","ping_status":"closed","sticky":false,"template":"","format":"standard","meta":{"footnotes":""},"categories":[1],"tags":[],"class_list":["post-64629","post","type-post","status-publish","format-standard","has-post-thumbnail","hentry","category-noticias"],"_links":{"self":[{"href":"https:\/\/24formosa.com.ar\/index.php?rest_route=\/wp\/v2\/posts\/64629","targetHints":{"allow":["GET"]}}],"collection":[{"href":"https:\/\/24formosa.com.ar\/index.php?rest_route=\/wp\/v2\/posts"}],"about":[{"href":"https:\/\/24formosa.com.ar\/index.php?rest_route=\/wp\/v2\/types\/post"}],"author":[{"embeddable":true,"href":"https:\/\/24formosa.com.ar\/index.php?rest_route=\/wp\/v2\/users\/8"}],"replies":[{"embeddable":true,"href":"https:\/\/24formosa.com.ar\/index.php?rest_route=%2Fwp%2Fv2%2Fcomments&post=64629"}],"version-history":[{"count":1,"href":"https:\/\/24formosa.com.ar\/index.php?rest_route=\/wp\/v2\/posts\/64629\/revisions"}],"predecessor-version":[{"id":64631,"href":"https:\/\/24formosa.com.ar\/index.php?rest_route=\/wp\/v2\/posts\/64629\/revisions\/64631"}],"wp:featuredmedia":[{"embeddable":true,"href":"https:\/\/24formosa.com.ar\/index.php?rest_route=\/wp\/v2\/media\/64630"}],"wp:attachment":[{"href":"https:\/\/24formosa.com.ar\/index.php?rest_route=%2Fwp%2Fv2%2Fmedia&parent=64629"}],"wp:term":[{"taxonomy":"category","embeddable":true,"href":"https:\/\/24formosa.com.ar\/index.php?rest_route=%2Fwp%2Fv2%2Fcategories&post=64629"},{"taxonomy":"post_tag","embeddable":true,"href":"https:\/\/24formosa.com.ar\/index.php?rest_route=%2Fwp%2Fv2%2Ftags&post=64629"}],"curies":[{"name":"wp","href":"https:\/\/api.w.org\/{rel}","templated":true}]}}