{"id":64625,"date":"2025-01-10T20:46:28","date_gmt":"2025-01-10T23:46:28","guid":{"rendered":"https:\/\/24formosa.com.ar\/?p=64625"},"modified":"2025-01-10T20:46:28","modified_gmt":"2025-01-10T23:46:28","slug":"culmino-la-primera-semana-de-colonia-de-vacacionesculmino-la-primera-semana-de-colonia-de-vacaciones","status":"publish","type":"post","link":"https:\/\/24formosa.com.ar\/?p=64625","title":{"rendered":"Culmin\u00f3 la primera semana de colonia de vacacionesCulmin\u00f3 la primera semana de colonia de vacaciones"},"content":{"rendered":"\n<p><em>Este viernes 10 cerr\u00f3 el primer m\u00f3dulo de las colonias de vacaciones temporada 2025 en ambas sedes del Complejo Para\u00edso de los Ni\u00f1os y Parque Acu\u00e1tico \u201c17 de Octubre\u201d.<\/em><\/p>\n\n\n\n<p>Con amplia convocatoria, estos espacios, una vez m\u00e1s, reunieron a cientos de ni\u00f1os y ni\u00f1as quienes eligieron pasar parte de su receso de verano en esta propuesta gubernamental que se viene desarrollando sin pausa hace m\u00e1s de 20 a\u00f1os, por decisi\u00f3n y ejecuci\u00f3n del gobernador Gildo Insfr\u00e1n.<\/p>\n\n\n\n<p>Al igual que en todas las ediciones anteriores, la primera semana cont\u00f3 con las distintas ofertas recreativas, como as\u00ed tambi\u00e9n de informaci\u00f3n saludable brindadas por el Ministerio de Desarrollo Humano de la provincia.<\/p>\n\n\n\n<p>El izamiento de la bandera, el desayuno de la ma\u00f1ana, el refrigerio a media jornada tambi\u00e9n estuvieron presentes en una nueva edici\u00f3n de las colonias, una acci\u00f3n de verdadera justicia social.<\/p>\n\n\n\n<p>La Agencia de Noticias Formosa (AGENFOR) recopil\u00f3 el testimonio de Gabriela, del barrio San Juan, madre de uno de los ni\u00f1os que particip\u00f3 de la colonia. Muy agradecida, expres\u00f3 que \u201clos chicos est\u00e1n felices\u201d y subray\u00f3 que el verlos disfrutar de la pileta hasta le daba \u201cun poco de envidia\u201d.<\/p>\n\n\n\n<p>Por otra parte, una de las profesoras, Eliana L\u00f3pez, cont\u00f3 que tiene a su cargo un grupo de 12 ni\u00f1as, de las cuales \u201ctodas disfrutaron a pleno de este \u00faltimo d\u00eda\u201d.<\/p>\n\n\n\n<p>Sin dejar de recordar que en todas las jornadas los participantes aprovecharon esta propuesta, indic\u00f3 que el trabajo de cada profesor fue el de \u201cacompa\u00f1arlos, ense\u00f1arlos a flotar y lo principal que deben saber sobre nadar\u201d.<\/p>\n\n\n\n<p>Por \u00faltimo, la profesora Guadalupe Robles, directora del Parque Infantil Para\u00edso de los Ni\u00f1os, coment\u00f3 que \u201cen este viernes de cierre, los ni\u00f1os realizaron un muestreo de canto, baile o una pr\u00e1ctica con sus profesores\u201d.<\/p>\n\n\n\n<p>\u201cCulmina una semana de felicidad y de mucha alegr\u00eda\u201d, realz\u00f3.<\/p>\n\n\n\n<p>Cabe recordar que la primera semana de colonia inici\u00f3 el pasado martes 7, donde el Para\u00edso de los Ni\u00f1os, por la ma\u00f1ana, recibi\u00f3 a ni\u00f1os de los barrios San Jos\u00e9 Obrero, Lote 68, Bernardino Rivadavia, Lote 4, Villa Jard\u00edn y Don Bosco. Por la tarde, los del&nbsp; Guadalupe, Parque Urbano, Malvinas, Ill\u00eda I y II, Evita, Fontana, 7 de Noviembre, Itat\u00ed I y II, Colluccio, Caracolito, La Negrita, Venezuela, Independencia, Villa Lourdes y San Francisco.<\/p>\n\n\n\n<p>Mientras que al Parque Acu\u00e1tico \u201c17 de Octubre\u201d asistieron los ni\u00f1os y ni\u00f1as del 1\u00b0 de Mayo, Maradona, El Porvenir, Juan Domingo Per\u00f3n, Luj\u00e1n, San Isidro, Laguna Sian y Villa Hermosa por la ma\u00f1ana; y por la tarde, los del Sim\u00f3n Bol\u00edvar, Monteagudo, Lote 110, 8 de Marzo, y Antenor Gauna.<\/p>\n\n\n\n<figure class=\"wp-block-image\"><a href=\"https:\/\/agenfor.com.ar\/wp-content\/uploads\/2025\/01\/Cierre-de-la-primera-semana-colonia-de-vacaciones-1.jpg\"><img decoding=\"async\" src=\"https:\/\/agenfor.com.ar\/wp-content\/uploads\/2025\/01\/Cierre-de-la-primera-semana-colonia-de-vacaciones-1-1024x682.jpg\" alt=\"\" class=\"wp-image-216291\"\/><\/a><\/figure>\n","protected":false},"excerpt":{"rendered":"<p>Este viernes 10 cerr\u00f3 el primer m\u00f3dulo de las colonias de vacaciones temporada 2025 en<\/p>\n","protected":false},"author":8,"featured_media":64627,"comment_status":"closed","ping_status":"closed","sticky":false,"template":"","format":"standard","meta":{"footnotes":""},"categories":[1],"tags":[],"class_list":["post-64625","post","type-post","status-publish","format-standard","has-post-thumbnail","hentry","category-noticias"],"_links":{"self":[{"href":"https:\/\/24formosa.com.ar\/index.php?rest_route=\/wp\/v2\/posts\/64625","targetHints":{"allow":["GET"]}}],"collection":[{"href":"https:\/\/24formosa.com.ar\/index.php?rest_route=\/wp\/v2\/posts"}],"about":[{"href":"https:\/\/24formosa.com.ar\/index.php?rest_route=\/wp\/v2\/types\/post"}],"author":[{"embeddable":true,"href":"https:\/\/24formosa.com.ar\/index.php?rest_route=\/wp\/v2\/users\/8"}],"replies":[{"embeddable":true,"href":"https:\/\/24formosa.com.ar\/index.php?rest_route=%2Fwp%2Fv2%2Fcomments&post=64625"}],"version-history":[{"count":1,"href":"https:\/\/24formosa.com.ar\/index.php?rest_route=\/wp\/v2\/posts\/64625\/revisions"}],"predecessor-version":[{"id":64628,"href":"https:\/\/24formosa.com.ar\/index.php?rest_route=\/wp\/v2\/posts\/64625\/revisions\/64628"}],"wp:featuredmedia":[{"embeddable":true,"href":"https:\/\/24formosa.com.ar\/index.php?rest_route=\/wp\/v2\/media\/64627"}],"wp:attachment":[{"href":"https:\/\/24formosa.com.ar\/index.php?rest_route=%2Fwp%2Fv2%2Fmedia&parent=64625"}],"wp:term":[{"taxonomy":"category","embeddable":true,"href":"https:\/\/24formosa.com.ar\/index.php?rest_route=%2Fwp%2Fv2%2Fcategories&post=64625"},{"taxonomy":"post_tag","embeddable":true,"href":"https:\/\/24formosa.com.ar\/index.php?rest_route=%2Fwp%2Fv2%2Ftags&post=64625"}],"curies":[{"name":"wp","href":"https:\/\/api.w.org\/{rel}","templated":true}]}}