{"id":64619,"date":"2025-01-09T20:14:53","date_gmt":"2025-01-09T23:14:53","guid":{"rendered":"https:\/\/24formosa.com.ar\/?p=64619"},"modified":"2025-01-09T20:14:53","modified_gmt":"2025-01-09T23:14:53","slug":"el-vicegobernador-solis-acompano-la-entrega-de-400-certificados-de-cursos-de-oficios","status":"publish","type":"post","link":"https:\/\/24formosa.com.ar\/?p=64619","title":{"rendered":"El vicegobernador Sol\u00eds acompa\u00f1\u00f3 la entrega de 400 certificados de cursos de oficios"},"content":{"rendered":"\n<p>Este mi\u00e9rcoles 8, el equipo de \u201cCapacitaciones Formosa\u201d entreg\u00f3 certificados a las personas que asistieron a los cursos que se dictaron durante el 2024, los cuales fueron totalmente gratuitos y abiertos a todo el p\u00fablico, organizados por el Gobierno de Formosa.<\/p>\n\n\n\n<p>En la jornada, se realiz\u00f3 un muestreo de las diversas capacitaciones, hubo actividades recreativas para ni\u00f1os y ni\u00f1as y tambi\u00e9n un bingo familiar para todos los asistentes.<\/p>\n\n\n\n<figure class=\"wp-block-image\"><a href=\"https:\/\/agenfor.com.ar\/wp-content\/uploads\/2025\/01\/capacitaciones-fsa-2.jpeg\"><img decoding=\"async\" src=\"https:\/\/agenfor.com.ar\/wp-content\/uploads\/2025\/01\/capacitaciones-fsa-2-683x1024.jpeg\" alt=\"\" class=\"wp-image-216185\"\/><\/a><\/figure>\n\n\n\n<p>El vicegobernador Eber Sol\u00eds acompa\u00f1\u00f3 la actividad y, al dialogar con esta&nbsp;<em>Agencia de Noticias Formosa (AGENFOR)<\/em>, detall\u00f3 que \u201cse entregaron m\u00e1s de 400 certificados de cursos de oficios, que se realizaron en diferentes barrios de la ciudad capital\u201d.<\/p>\n\n\n\n<p>Se\u00f1al\u00f3 que para esto \u201cse utilizaron aulas m\u00f3viles, otras se hicieron en casas de vecinos y\/o centros\u201d y por eso, expres\u00f3 que \u201cestamos muy contentos\u201d.<\/p>\n\n\n\n<p>Adem\u00e1s, repas\u00f3 que ya en el inicio de este 2025 se hizo la tradicional entrega de juguetes a todos los ni\u00f1os de la provincia por el D\u00eda de Reyes Magos y se dio el inicio de la colonia de vacaciones. \u201cEstamos muy activos, va a ser un a\u00f1o muy bueno\u201d, consider\u00f3.<\/p>\n\n\n\n<p>Sol\u00eds manifest\u00f3 que \u201cestamos muy orgullosos de toda la presencia del Estado, que significa tener m\u00e1s educaci\u00f3n, salud y producci\u00f3n para todos\u201d, a\u00f1adiendo que \u201cfundamentalmente en un momento donde el Gobierno nacional dice que el Estado debe desaparecer\u201d.<\/p>\n\n\n\n<p>Asimismo, resalt\u00f3 que \u201cnosotros en Formosa siempre vamos a estar cerca de la gente, en cada barrio, paraje o pueblo\u201d, teniendo en cuenta que \u201cesa es la decisi\u00f3n del gobernador Gildo Insfr\u00e1n\u201d.<\/p>\n\n\n\n<p>Respecto a este nuevo a\u00f1o, el Vicegobernador lament\u00f3 que \u201ca nivel nacional avizoramos que va a estar muy complicado porque el gobierno dice que va a seguir implementando las pol\u00edticas que est\u00e1n oprimiendo al pueblo argentino, generando mayores desempleados, desigualdad y las obras p\u00fablicas al no existir m\u00e1s, las que estaban presentes se est\u00e1n deteriorando\u201d.<\/p>\n\n\n\n<p>Sin embargo, subray\u00f3 que \u201cen Formosa nosotros vamos a seguir trabajando en el mismo camino, siguiendo en la construcci\u00f3n de obras p\u00fablicas que dependen del Tesoro de la provincia y ratificando el equilibrio fiscal que tiene la provincia, pero con la gente adentro, que es fundamental\u201d.<\/p>\n\n\n\n<figure class=\"wp-block-image\"><a href=\"https:\/\/agenfor.com.ar\/wp-content\/uploads\/2025\/01\/Capacitaciones-Formosa-4.jpeg\"><img decoding=\"async\" src=\"https:\/\/agenfor.com.ar\/wp-content\/uploads\/2025\/01\/Capacitaciones-Formosa-4-1024x462.jpeg\" alt=\"\" class=\"wp-image-216181\"\/><\/a><\/figure>\n\n\n\n<p><strong>Un Gobierno provincial que acompa\u00f1a a los formose\u00f1os<\/strong><\/p>\n\n\n\n<p>Por su parte, Griselda Serrano, secretaria legislativa y una de las coordinadoras del equipo Capacitaciones Formosa, explic\u00f3 que \u201cnosotros vamos a los barrios y escuchamos las inquietudes de ellos\u201d, y expuso que \u201ca trav\u00e9s de eso, podemos familiarizarlos de sus necesidades y organizamos los cursos, talleres, capacitaciones\u201d.<\/p>\n\n\n\n<p>De este modo, marc\u00f3 que \u201cel 2024 fue un a\u00f1o muy dif\u00edcil para las familias, pero nosotros estuvimos acompa\u00f1\u00e1ndolos\u201d, porque agreg\u00f3 que \u201cel gobernador Insfr\u00e1n tiene un modelo de provincia donde la integralidad de la persona es la que da valor\u201d.<\/p>\n\n\n\n<p>Precis\u00f3 que \u201cse entregaron alrededor de 400 certificados de distintas capacitaciones y participaron m\u00e1s de 130 emprendedores que fueron convocados\u201d, destacando que \u201cfue la feria de la unidad\u201d.<\/p>\n\n\n\n<p>Y anticip\u00f3 que en este 2025 mantendr\u00e1n la misma manera de trabajar, es decir, acercarse a las personas y consultar qu\u00e9 talleres necesitan, adelantando que \u201cen las redes sociales de Capacitaciones Formosa daremos aviso sobre las fechas de inscripci\u00f3n y en qu\u00e9 barrio estaremos\u201d.<\/p>\n","protected":false},"excerpt":{"rendered":"<p>Este mi\u00e9rcoles 8, el equipo de \u201cCapacitaciones Formosa\u201d entreg\u00f3 certificados a las personas que asistieron<\/p>\n","protected":false},"author":8,"featured_media":64620,"comment_status":"closed","ping_status":"closed","sticky":false,"template":"","format":"standard","meta":{"footnotes":""},"categories":[1],"tags":[],"class_list":["post-64619","post","type-post","status-publish","format-standard","has-post-thumbnail","hentry","category-noticias"],"_links":{"self":[{"href":"https:\/\/24formosa.com.ar\/index.php?rest_route=\/wp\/v2\/posts\/64619","targetHints":{"allow":["GET"]}}],"collection":[{"href":"https:\/\/24formosa.com.ar\/index.php?rest_route=\/wp\/v2\/posts"}],"about":[{"href":"https:\/\/24formosa.com.ar\/index.php?rest_route=\/wp\/v2\/types\/post"}],"author":[{"embeddable":true,"href":"https:\/\/24formosa.com.ar\/index.php?rest_route=\/wp\/v2\/users\/8"}],"replies":[{"embeddable":true,"href":"https:\/\/24formosa.com.ar\/index.php?rest_route=%2Fwp%2Fv2%2Fcomments&post=64619"}],"version-history":[{"count":1,"href":"https:\/\/24formosa.com.ar\/index.php?rest_route=\/wp\/v2\/posts\/64619\/revisions"}],"predecessor-version":[{"id":64621,"href":"https:\/\/24formosa.com.ar\/index.php?rest_route=\/wp\/v2\/posts\/64619\/revisions\/64621"}],"wp:featuredmedia":[{"embeddable":true,"href":"https:\/\/24formosa.com.ar\/index.php?rest_route=\/wp\/v2\/media\/64620"}],"wp:attachment":[{"href":"https:\/\/24formosa.com.ar\/index.php?rest_route=%2Fwp%2Fv2%2Fmedia&parent=64619"}],"wp:term":[{"taxonomy":"category","embeddable":true,"href":"https:\/\/24formosa.com.ar\/index.php?rest_route=%2Fwp%2Fv2%2Fcategories&post=64619"},{"taxonomy":"post_tag","embeddable":true,"href":"https:\/\/24formosa.com.ar\/index.php?rest_route=%2Fwp%2Fv2%2Ftags&post=64619"}],"curies":[{"name":"wp","href":"https:\/\/api.w.org\/{rel}","templated":true}]}}