{"id":63120,"date":"2024-10-09T21:09:11","date_gmt":"2024-10-10T00:09:11","guid":{"rendered":"https:\/\/24formosa.com.ar\/?p=63120"},"modified":"2024-10-09T21:09:12","modified_gmt":"2024-10-10T00:09:12","slug":"el-camion-sanitario-realizo-50-mamografias-gratuitas-en-el-barrio-las-delicias","status":"publish","type":"post","link":"https:\/\/24formosa.com.ar\/?p=63120","title":{"rendered":"El cami\u00f3n sanitario realiz\u00f3 50 mamograf\u00edas gratuitas en el barrio Las Delicias"},"content":{"rendered":"\n<p><em>Una jornada de gran satisfacci\u00f3n porque varios hombres se hicieron tambi\u00e9n el estudio.<\/em><\/p>\n\n\n\n<p>Este martes 8 de octubre, desde las 16. 30 horas, dos camiones sanitarios del Ministerio de Desarrollo Humano del Gobierno de Formosa estuvieron apostados en el barrio Las Delicias, donde ofrecieron el servicio de mamograf\u00edas gratuitas para los vecinos del lugar y de otros barrios cercanos de la ciudad de Formosa.<\/p>\n\n\n\n<p>En ese marco, fueron concretadas 50 mamograf\u00edas, entre las cuales, cinco se hicieron a hombres \u201cy estamos muy contentos por eso\u201d, destac\u00f3 la coordinadora del Programa Provincial de C\u00e1ncer de Mama, la doctora Sof\u00eda Samudio Godoy.<\/p>\n\n\n\n<p>En ese sentido, puntualiz\u00f3 que, si bien cuando el mam\u00f3grafo m\u00f3vil estuvo en otros lugares de la provincia, se acercaron varios hombres a realizar consultas, \u201ces para nosotros una gran satisfacci\u00f3n que se hayan decidido a hacerse la mamograf\u00eda, porque el c\u00e1ncer de mama no es solo una enfermedad de mujeres, sino que puede afectar tambi\u00e9n a los hombres. Por lo tanto, es una experiencia nueva que va venciendo a los tab\u00faes que hay respecto a eso\u201d.<\/p>\n\n\n\n<p>La doctora reivindic\u00f3 que para el Gobierno provincial y la salud p\u00fablica de Formosa \u201ctodo el a\u00f1o es rosa\u201d porque la promoci\u00f3n de los estudios de control y la concientizaci\u00f3n se lleva adelante, sin interrupciones, a lo largo del a\u00f1o.<\/p>\n\n\n\n<figure class=\"wp-block-image\"><a href=\"https:\/\/agenfor.com.ar\/wp-content\/uploads\/2024\/10\/Camion-sanitario-barrio-Las-Delicias-4.jpeg\"><img decoding=\"async\" src=\"https:\/\/agenfor.com.ar\/wp-content\/uploads\/2024\/10\/Camion-sanitario-barrio-Las-Delicias-4-1024x461.jpeg\" alt=\"\" class=\"wp-image-206734\"\/><\/a><\/figure>\n\n\n\n<p>No obstante, subray\u00f3 que, en octubre, mes en el que se conmemora el D\u00eda Mundial del C\u00e1ncer de Mama, el 19 \u201cse intensifica el trabajo que hacemos, duplicando la capacidad de atenci\u00f3n con un gran movimiento de personas\u201d.<\/p>\n\n\n\n<p>\u201cY cada vez que llegamos a los lugares, realmente nos llena el coraz\u00f3n de felicidad, porque son cada vez m\u00e1s las personas que pueden tener acceso a este estudio que da la salud p\u00fablica en nuestra provincia, de forma totalmente gratuita y que es la herramienta fundamental para la detecci\u00f3n precoz del c\u00e1ncer de mama\u201d, enfatiz\u00f3.<\/p>\n\n\n\n<p>La doctora resalt\u00f3 que es un estudio \u201cr\u00e1pido, muy sencillo y de gran precisi\u00f3n\u201d. Y una vez que la o el paciente se lo hace, de inmediato se hace la lectura y el resultado se entrega en el momento. \u201cY en el caso que se detecte algo irregular, tambi\u00e9n hacemos la derivaci\u00f3n con la especialista que, en estos casos, es la mast\u00f3loga\u201d.<\/p>\n\n\n\n<p>Mencion\u00f3 que hoy en d\u00eda los equipos son todos autom\u00e1ticos y aproximadamente puede tardar dos minutos entre acomodar la mama, comprimir y tomar la imagen. \u201cLa persona tarda m\u00e1s en vestirse y desvestirse, que en lo que dura el estudio en s\u00ed. Y el resultado m\u00e1s o menos est\u00e1 listo en 15 minutos, entre que se procesa la imagen, se hace el informe y se entrega\u201d, detall\u00f3.<\/p>\n\n\n\n<p>M\u00e1s adelante valor\u00f3 que actualmente \u201ccuando se detecta algo, se maneja todo aqu\u00ed en la provincia sin necesidad de derivar al paciente a otros lugares del pa\u00eds\u201d.<\/p>\n\n\n\n<p>\u201cAqu\u00ed se hace la anatom\u00eda patol\u00f3gica con los estudios histoqu\u00edmicos, tambi\u00e9n los tratamientos de quimioterapia, m\u00e1s radioterapia y PET en el Centro de Medicina Nuclear y Radioterapia \u201cPdte. N\u00e9stor C. Kirchner\u201d\u201d, remarcando que el eslab\u00f3n de la cadena para el tratamiento del c\u00e1ncer, se cerr\u00f3 en Formosa \u201ccon este centro que es modelo, gracias a que tenemos un Estado presente que invierte para el beneficio de la salud de la poblaci\u00f3n\u201d.<\/p>\n\n\n\n<p><strong>Agenda<\/strong><\/p>\n\n\n\n<p>En relaci\u00f3n a los pr\u00f3ximos lugares programados para el trabajo de los camiones sanitarios, Samudio dio a conocer que el lunes 14 de octubre estar\u00e1 por la ma\u00f1ana y por la tarde en el Hospital de D\u00eda 2 de Abril.<\/p>\n\n\n\n<p>\u201cTambi\u00e9n vamos a estar acompa\u00f1ando a las charlas y actividades que har\u00e1 la Fundaci\u00f3n Abriendo Surcos. El 16 en la cancha del Lote 110, despu\u00e9s en el bingo familiar y en la Marat\u00f3n Rosa en la Costanera\u201d.<\/p>\n\n\n\n<p>\u201cEl 18, estaremos en la plaza San Mart\u00edn junto a la concejal \u201cPetu\u201d Arga\u00f1araz y el 22 en la charla de UPCN. Estamos adem\u00e1s ya comprometidos con el interior, con distintas localidades como El Espinillo, Riacho H\u00e9 H\u00e9, El Colorado, Villafa\u00f1e. Y estaremos en el Hospital de la Madre y el Ni\u00f1o.<\/p>\n\n\n\n<p><strong>Prevenci\u00f3n de enfermedades y promoci\u00f3n de la salud<\/strong><\/p>\n\n\n\n<p>La jornada de mamograf\u00edas cont\u00f3 con la presencia de distintos funcionarios del Gobierno provincial, como el diputado Agust\u00edn Samaniego, quien puso de resalto la excelente convocatoria que se vivi\u00f3 \u201ccon mucha alegr\u00eda y responsabilidad, porque los hombres tambi\u00e9n participaron haci\u00e9ndose el estudio y los hombres debemos estar comprometidos con esta causa\u201d.<\/p>\n\n\n\n<p>Hizo notar que la prevenci\u00f3n de las enfermedades y la promoci\u00f3n de la salud son la clave para un buen est\u00e1ndar de salud en una sociedad y el pilar de la atenci\u00f3n primaria \u201cque es la estrategia de salud que aplica el gobernador Gildo Insfr\u00e1n en toda la provincia\u201d.<\/p>\n\n\n\n<p>En tanto, apreci\u00f3 que la actividad del cami\u00f3n sanitario es frecuentemente acompa\u00f1ada por charlas en la que se promueven \u201cel autoexamen mamario, el control m\u00e9dico peri\u00f3dico, la ecograf\u00eda de mamas para las mujeres m\u00e1s j\u00f3venes, menores de 40 a\u00f1os\u201d.<\/p>\n\n\n\n<p>\u201cY por supuesto, la mamograf\u00eda desde los 40 a\u00f1os ypara las mujeres que, no teniendo esa edad tienen, por ejemplo, antecedentes familiares y\/o s\u00edntomas asociados al c\u00e1ncer de mama\u201d, agreg\u00f3.<\/p>\n\n\n\n<p>Para finalizar, puso de relieve que el sistema p\u00fablico de salud de Formosa \u201cofrece en cada uno de los puntos estrat\u00e9gicos de la provincia, la posibilidad de hacerse estos estudios de forma completamente gratuita\u201d, adem\u00e1s de los controles m\u00e9dicos.<\/p>\n","protected":false},"excerpt":{"rendered":"<p>Una jornada de gran satisfacci\u00f3n porque varios hombres se hicieron tambi\u00e9n el estudio. Este martes<\/p>\n","protected":false},"author":8,"featured_media":63121,"comment_status":"closed","ping_status":"closed","sticky":false,"template":"","format":"standard","meta":{"footnotes":""},"categories":[1],"tags":[],"class_list":["post-63120","post","type-post","status-publish","format-standard","has-post-thumbnail","hentry","category-noticias"],"_links":{"self":[{"href":"https:\/\/24formosa.com.ar\/index.php?rest_route=\/wp\/v2\/posts\/63120","targetHints":{"allow":["GET"]}}],"collection":[{"href":"https:\/\/24formosa.com.ar\/index.php?rest_route=\/wp\/v2\/posts"}],"about":[{"href":"https:\/\/24formosa.com.ar\/index.php?rest_route=\/wp\/v2\/types\/post"}],"author":[{"embeddable":true,"href":"https:\/\/24formosa.com.ar\/index.php?rest_route=\/wp\/v2\/users\/8"}],"replies":[{"embeddable":true,"href":"https:\/\/24formosa.com.ar\/index.php?rest_route=%2Fwp%2Fv2%2Fcomments&post=63120"}],"version-history":[{"count":1,"href":"https:\/\/24formosa.com.ar\/index.php?rest_route=\/wp\/v2\/posts\/63120\/revisions"}],"predecessor-version":[{"id":63122,"href":"https:\/\/24formosa.com.ar\/index.php?rest_route=\/wp\/v2\/posts\/63120\/revisions\/63122"}],"wp:featuredmedia":[{"embeddable":true,"href":"https:\/\/24formosa.com.ar\/index.php?rest_route=\/wp\/v2\/media\/63121"}],"wp:attachment":[{"href":"https:\/\/24formosa.com.ar\/index.php?rest_route=%2Fwp%2Fv2%2Fmedia&parent=63120"}],"wp:term":[{"taxonomy":"category","embeddable":true,"href":"https:\/\/24formosa.com.ar\/index.php?rest_route=%2Fwp%2Fv2%2Fcategories&post=63120"},{"taxonomy":"post_tag","embeddable":true,"href":"https:\/\/24formosa.com.ar\/index.php?rest_route=%2Fwp%2Fv2%2Ftags&post=63120"}],"curies":[{"name":"wp","href":"https:\/\/api.w.org\/{rel}","templated":true}]}}