{"id":63112,"date":"2024-10-08T21:20:26","date_gmt":"2024-10-09T00:20:26","guid":{"rendered":"https:\/\/24formosa.com.ar\/?p=63112"},"modified":"2024-10-08T21:20:27","modified_gmt":"2024-10-09T00:20:27","slug":"brindaron-taller-sobre-crianza-respetuosa-en-el-centro-de-salud-del-barrio-juan-domingo-peron","status":"publish","type":"post","link":"https:\/\/24formosa.com.ar\/?p=63112","title":{"rendered":"Brindaron taller sobre crianza respetuosa en el centro de salud del barrio Juan Domingo Per\u00f3n"},"content":{"rendered":"\n<p><em>A fin de concientizar a las familias sobre la importancia que tiene la educaci\u00f3n responsable y sin violencia, para el buen desarrollo f\u00edsico y mental de los hijos.<\/em><\/p>\n\n\n\n<p>Como parte de las actividades programadas por los distintos efectores sanitarios de la provincia, en el marco de la semana de la salud mental, el centro de salud \u201cMar\u00eda Luisa Espinoza\u201d del barrio Juan Domingo Per\u00f3n, llev\u00f3 adelante una charla sobre crianza respetuosa, dirigida a pacientes y vecinos.<\/p>\n\n\n\n<figure class=\"wp-block-image\"><a href=\"https:\/\/agenfor.com.ar\/wp-content\/uploads\/2024\/10\/charla-crianza-respetuosa-cs-Juan-D.-Peron-2-e1728416955565.jpeg\"><img decoding=\"async\" src=\"https:\/\/agenfor.com.ar\/wp-content\/uploads\/2024\/10\/charla-crianza-respetuosa-cs-Juan-D.-Peron-2-e1728416955565-1024x912.jpeg\" alt=\"\" class=\"wp-image-206628\"\/><\/a><\/figure>\n\n\n\n<p>El encuentro fue organizado por el Servicio de Psicolog\u00eda y tuvo lugar en la ma\u00f1ana de este martes 8, \u201cpara reforzar lo que ya venimos trabajando con las madres, los padres y las familias, desde nuestro centro de salud en cuanto a la crianza respetuosa para que las ni\u00f1as y ni\u00f1os tengan un desarrollo saludable\u201d, coment\u00f3 la directora del efector, doctora Ana Bucchi.<\/p>\n\n\n\n<p>Remarc\u00f3 la profesional, que la crianza responsable \u201cincluye a la familia y a los efectores de salud\u201d y en ese sentido \u201cnuestro centro de salud ofrece herramientas, que son este tipo de talleres para fomentar el cuidado de la salud mental desde la primera infancia\u201d.<\/p>\n\n\n\n<p>Eso se encuentra a cargo de un equipo de salud \u201cque trabaja a lo largo del a\u00f1o, que est\u00e1 altamente capacitado, como son nuestros psic\u00f3logos y pediatras, entre otros, que diariamente ofrecen atenciones y est\u00e1n abiertos a las distintas consultas\u201d, explic\u00f3.<\/p>\n\n\n\n<p>\u201cEn este caso, fue una charla con modalidad de taller, dirigida a los pacientes que estaban en la sala de espera para hablar con ellos de este tema tan importante, ya que la crianza en los primeros a\u00f1os de vida, influye indudablemente, en la vida de adultos de las personas\u201d, remarc\u00f3.<\/p>\n\n\n\n<p>Por su parte, la licenciada en Psicolog\u00eda, Clara Osorio y una de las expositoras, detall\u00f3 que \u201cesta actividad tiene la finalidad hablar de la salud mental en la infancia y puntualmente, la crianza respetuosa, pretende concientizar a los padres sobre la importancia que tienen los l\u00edmites en las ni\u00f1as y los ni\u00f1os y c\u00f3mo aplicarlos\u201d.<\/p>\n\n\n\n<p>Durante la charla se habl\u00f3 tambi\u00e9n del manejo de las emociones \u201clo que despierta en ellos y la necesidad de ponerle palabras a lo que sienten a pesar de su corta edad. Y debemos tener presente que somos los adultos, los que podemos ayudarlos a comunicar y expresar sus emociones y lo que est\u00e1n sintiendo\u201d, recalc\u00f3 la especialista en salud mental.<\/p>\n\n\n\n<p>Para cerrar destac\u00f3, que est\u00e1 comprobado \u201cque atender la salud mental desde la infancia disminuye las posibilidades de que una persona durante su vida adulta presente alguna patolog\u00eda asociada a la salud mental\u201d.<\/p>\n","protected":false},"excerpt":{"rendered":"<p>A fin de concientizar a las familias sobre la importancia que tiene la educaci\u00f3n responsable<\/p>\n","protected":false},"author":8,"featured_media":63113,"comment_status":"closed","ping_status":"closed","sticky":false,"template":"","format":"standard","meta":{"footnotes":""},"categories":[1],"tags":[],"class_list":["post-63112","post","type-post","status-publish","format-standard","has-post-thumbnail","hentry","category-noticias"],"_links":{"self":[{"href":"https:\/\/24formosa.com.ar\/index.php?rest_route=\/wp\/v2\/posts\/63112","targetHints":{"allow":["GET"]}}],"collection":[{"href":"https:\/\/24formosa.com.ar\/index.php?rest_route=\/wp\/v2\/posts"}],"about":[{"href":"https:\/\/24formosa.com.ar\/index.php?rest_route=\/wp\/v2\/types\/post"}],"author":[{"embeddable":true,"href":"https:\/\/24formosa.com.ar\/index.php?rest_route=\/wp\/v2\/users\/8"}],"replies":[{"embeddable":true,"href":"https:\/\/24formosa.com.ar\/index.php?rest_route=%2Fwp%2Fv2%2Fcomments&post=63112"}],"version-history":[{"count":1,"href":"https:\/\/24formosa.com.ar\/index.php?rest_route=\/wp\/v2\/posts\/63112\/revisions"}],"predecessor-version":[{"id":63114,"href":"https:\/\/24formosa.com.ar\/index.php?rest_route=\/wp\/v2\/posts\/63112\/revisions\/63114"}],"wp:featuredmedia":[{"embeddable":true,"href":"https:\/\/24formosa.com.ar\/index.php?rest_route=\/wp\/v2\/media\/63113"}],"wp:attachment":[{"href":"https:\/\/24formosa.com.ar\/index.php?rest_route=%2Fwp%2Fv2%2Fmedia&parent=63112"}],"wp:term":[{"taxonomy":"category","embeddable":true,"href":"https:\/\/24formosa.com.ar\/index.php?rest_route=%2Fwp%2Fv2%2Fcategories&post=63112"},{"taxonomy":"post_tag","embeddable":true,"href":"https:\/\/24formosa.com.ar\/index.php?rest_route=%2Fwp%2Fv2%2Ftags&post=63112"}],"curies":[{"name":"wp","href":"https:\/\/api.w.org\/{rel}","templated":true}]}}