{"id":63100,"date":"2024-10-08T21:12:36","date_gmt":"2024-10-09T00:12:36","guid":{"rendered":"https:\/\/24formosa.com.ar\/?p=63100"},"modified":"2024-10-08T21:12:37","modified_gmt":"2024-10-09T00:12:37","slug":"luego-de-la-distribucion-de-semillas-productores-iniciaron-siembra-de-maiz-y-cucurbitaceas-para-el-ciclo-productivo-2024-25","status":"publish","type":"post","link":"https:\/\/24formosa.com.ar\/?p=63100","title":{"rendered":"Luego de la distribuci\u00f3n de semillas, productores iniciaron siembra de ma\u00edz y cucurbit\u00e1ceas para el ciclo productivo 2024\/25"},"content":{"rendered":"\n<p><em>El Gobierno de Formosa, a trav\u00e9s del Instituto PAIPPA y el Ministerio de la Producci\u00f3n y Ambiente, en un trabajo en conjunto con los Municipios y Comisiones de Fomento, realiz\u00f3 entrega de semillas de ma\u00edz, zapallos, melones y sand\u00edas en m\u00e1s de 25 localidades.<\/em><\/p>\n\n\n\n<p>Paipperos y peque\u00f1os productores diversificados iniciaron la siembra aprovechando las condiciones agroclim\u00e1ticas favorables de las \u00faltimas semanas, luego de la entrega del principal insumo para comenzar en tiempo y forma el ciclo productivo 2024\/25.<\/p>\n\n\n\n<p>Seg\u00fan el relevamiento previo, la asistencia ascend\u00eda a m\u00e1s de 1000 productores paipperos con las condiciones para iniciar la siembra con una superficie de siembra de ma\u00edz, tetsukabuto, coquena, sand\u00eda, mel\u00f3n y zapallo de tronco, de 2325,06 hect\u00e1reas.<\/p>\n\n\n\n<figure class=\"wp-block-image\"><a href=\"https:\/\/agenfor.com.ar\/wp-content\/uploads\/2024\/10\/461462157_834401088868325_4974800981432107223_n.jpg\"><img decoding=\"async\" src=\"https:\/\/agenfor.com.ar\/wp-content\/uploads\/2024\/10\/461462157_834401088868325_4974800981432107223_n.jpg\" alt=\"\" class=\"wp-image-206548\"\/><\/a><figcaption class=\"wp-element-caption\">Entrega de semillas<\/figcaption><\/figure>\n\n\n\n<figure class=\"wp-block-image\"><a href=\"https:\/\/agenfor.com.ar\/wp-content\/uploads\/2024\/10\/eber-Solis-en-entrega-de-semillas.jpg\"><img decoding=\"async\" src=\"https:\/\/agenfor.com.ar\/wp-content\/uploads\/2024\/10\/eber-Solis-en-entrega-de-semillas-819x1024.jpg\" alt=\"\" class=\"wp-image-206549\"\/><\/a><figcaption class=\"wp-element-caption\">Entrega de semillas a peque\u00f1os productores<\/figcaption><\/figure>\n\n\n\n<p>La distribuci\u00f3n de semillas abarc\u00f3 a m\u00e1s de 24 localidades y sus colonias y parajes, en Laguna Naineck, Laguna Blanca, Buena Vista, El Espinillo, Tres Lagunas, Clorinda, Pastoril, Riacho He H\u00e9, Siete Palmas, Sumay\u00e9n, Piran\u00e9, El Colorado, Villafa\u00f1e, Villa Dos Trece, Misi\u00f3n Laish\u00ed, Herradura, Tatan\u00e9, Villa Escolar, San Hilario, Mariano Boedo, Gran Guardia, Mansilla, Ingeniero Ju\u00e1rez y Pozo de Maza, y cont\u00f3 con la presencia del vicegobernador Eber Sol\u00eds y autoridades de distintos organismos p\u00fablicos.<\/p>\n\n\n\n<p>Los productores contaron con el servicio de preparaci\u00f3n de suelo, en un trabajo coordinado con Municipios y Comisiones de Fomento. En cada encuentro, se realiz\u00f3 un convenio de compromiso de siembra entre el productor y el Ministerio. Por ello, en este despliegue de encuentros realizados en simult\u00e1neo se repiti\u00f3 la propuesta de continuar con las acciones en cuanto m\u00e1s productores se incorporen a los requisitos de asistencia.<\/p>\n\n\n\n<p>\u201cSe contin\u00faa planificando y ejecutando las pol\u00edticas del Modelo Formose\u00f1o que conduce el gobernador Gildo Insfr\u00e1n para alcanzar la seguridad y soberan\u00eda alimentaria, con acciones de justicia social destinadas a organizar a la comunidad rural y a que los productores puedan realizarse en su suelo mediante la producci\u00f3n y el trabajo\u201d, se indic\u00f3 desde el MPyA.<\/p>\n\n\n\n<figure class=\"wp-block-image\"><a href=\"https:\/\/agenfor.com.ar\/wp-content\/uploads\/2024\/10\/solis-y-rodriguez.jpeg\"><img decoding=\"async\" src=\"https:\/\/agenfor.com.ar\/wp-content\/uploads\/2024\/10\/solis-y-rodriguez.jpeg\" alt=\"\" class=\"wp-image-206551\"\/><\/a><figcaption class=\"wp-element-caption\">El Vicegobernador acompa\u00f1\u00f3 las jornadas de entrega de semillas<\/figcaption><\/figure>\n","protected":false},"excerpt":{"rendered":"<p>El Gobierno de Formosa, a trav\u00e9s del Instituto PAIPPA y el Ministerio de la Producci\u00f3n<\/p>\n","protected":false},"author":8,"featured_media":63101,"comment_status":"closed","ping_status":"closed","sticky":false,"template":"","format":"standard","meta":{"footnotes":""},"categories":[1],"tags":[],"class_list":["post-63100","post","type-post","status-publish","format-standard","has-post-thumbnail","hentry","category-noticias"],"_links":{"self":[{"href":"https:\/\/24formosa.com.ar\/index.php?rest_route=\/wp\/v2\/posts\/63100","targetHints":{"allow":["GET"]}}],"collection":[{"href":"https:\/\/24formosa.com.ar\/index.php?rest_route=\/wp\/v2\/posts"}],"about":[{"href":"https:\/\/24formosa.com.ar\/index.php?rest_route=\/wp\/v2\/types\/post"}],"author":[{"embeddable":true,"href":"https:\/\/24formosa.com.ar\/index.php?rest_route=\/wp\/v2\/users\/8"}],"replies":[{"embeddable":true,"href":"https:\/\/24formosa.com.ar\/index.php?rest_route=%2Fwp%2Fv2%2Fcomments&post=63100"}],"version-history":[{"count":1,"href":"https:\/\/24formosa.com.ar\/index.php?rest_route=\/wp\/v2\/posts\/63100\/revisions"}],"predecessor-version":[{"id":63102,"href":"https:\/\/24formosa.com.ar\/index.php?rest_route=\/wp\/v2\/posts\/63100\/revisions\/63102"}],"wp:featuredmedia":[{"embeddable":true,"href":"https:\/\/24formosa.com.ar\/index.php?rest_route=\/wp\/v2\/media\/63101"}],"wp:attachment":[{"href":"https:\/\/24formosa.com.ar\/index.php?rest_route=%2Fwp%2Fv2%2Fmedia&parent=63100"}],"wp:term":[{"taxonomy":"category","embeddable":true,"href":"https:\/\/24formosa.com.ar\/index.php?rest_route=%2Fwp%2Fv2%2Fcategories&post=63100"},{"taxonomy":"post_tag","embeddable":true,"href":"https:\/\/24formosa.com.ar\/index.php?rest_route=%2Fwp%2Fv2%2Ftags&post=63100"}],"curies":[{"name":"wp","href":"https:\/\/api.w.org\/{rel}","templated":true}]}}