{"id":63096,"date":"2024-10-08T21:11:12","date_gmt":"2024-10-09T00:11:12","guid":{"rendered":"https:\/\/24formosa.com.ar\/?p=63096"},"modified":"2024-10-08T21:11:33","modified_gmt":"2024-10-09T00:11:33","slug":"conociendo-mi-provincia-alumnos-de-estanislao-del-campo-visitaron-la-capital-y-fueron-recibidos-por-el-vicegobernador-solis","status":"publish","type":"post","link":"https:\/\/24formosa.com.ar\/?p=63096","title":{"rendered":"\u201cConociendo Mi Provincia\u201d: Alumnos de Estanislao del Campo visitaron la Capital y fueron recibidos por el vicegobernador Sol\u00eds"},"content":{"rendered":"\n<p><em>Este martes 8, el vicegobernador de Formosa, el doctor Eber Sol\u00eds, recibi\u00f3 en la Legislatura provincial a un contingente de estudiantes de sexto a\u00f1o de la EPEP N\u00b0 44 de Estanislao del Campo, quienes visitaron la Capital en el marco de su viaje de egresados, a trav\u00e9s del Programa \u201cConociendo Mi Provincia\u201d.<\/em><\/p>\n\n\n\n<p>As\u00ed lo confirm\u00f3 Sol\u00eds a la Agencia de Noticias Formosa (AGENFOR), indicando adem\u00e1s que el itinerario del viaje tambi\u00e9n comprend\u00eda un recorrido por el Polo Cient\u00edfico y Tecnol\u00f3gico de Innovaci\u00f3n, el Parque Acu\u00e1tico 17 de Octubre, entre otros sitios de la ciudad.<\/p>\n\n\n\n<p>Sobre ello, expres\u00f3 que es \u201cmuy lindo que nuestros alumnos puedan realizar este tipo de viajes\u201d, subrayando que la mejor parte fue \u201cver que estaban muy contentos\u201d.<\/p>\n\n\n\n<p>\u201cCuando comenc\u00e9 la charla con ellos les pregunt\u00e9 si alguno pudo dormir, claramente me dijeron que no y es una respuesta muy obvia porque, \u00bfqui\u00e9n no pas\u00f3 por esa ansiedad de querer subirse ya al colectivo y viajar?\u201d, pregunt\u00f3 y comparti\u00f3 como an\u00e9cdota.&nbsp;<\/p>\n\n\n\n<p>Adem\u00e1s, a\u00f1adi\u00f3 que muchos de estos estudiantes \u201cvisitaron por primera vez la ciudad de Formosa\u201d, se\u00f1alando que este viaje se tradujo en una \u201cgran oportunidad para ellos\u201d.<\/p>\n\n\n\n<p>\u201cFueron invitados por el gobernador Gildo Insfr\u00e1n, ya que ellos (los alumnos) en el operativo solidario \u2018Por Nuestra Gente, Todo\u2019 que se realiz\u00f3 hace poco en su localidad, le hicieron este pedido y \u00e9l les cumpli\u00f3\u201d, declar\u00f3 Sol\u00eds, quien puso de resalto que el primer mandatario por cuestiones de agenda no pudo estar presente, \u201cpero nos pidi\u00f3 que nosotros los recibi\u00e9ramos\u201d.<\/p>\n\n\n\n<p>En tanto, aclar\u00f3 que \u201cno es la primera delegaci\u00f3n del interior\u201d que reciben en lo que va del a\u00f1o, sino que ya pasaron m\u00e1s de 100 entre Nivel Primario y Secundario, acentuando que esta acci\u00f3n \u201cpermite conocer y fortalecer fundamentalmente los v\u00ednculos entre ellos, teniendo la oportunidad de poder hacer un viaje de \u00faltimo a\u00f1o de primaria o de secundaria, fortaleciendo esos v\u00ednculos entre compa\u00f1eros y, a su vez, mostrarles un poco las cosas que se hacen en la Capital\u201d.<\/p>\n\n\n\n<p>\u201cLo mismo ocurre cuando los estudiantes de ac\u00e1 van hacia all\u00e1, porque tienen la oportunidad de conocer el Parque Nacional Pilcomayo, el Ba\u00f1ado la Estrella, los CEDEVA, entre otros, logrando de esta manera que la Capital se conecte con el interior y viceversa\u201d, a\u00f1adi\u00f3.<\/p>\n\n\n\n<figure class=\"wp-block-image\"><a href=\"https:\/\/agenfor.com.ar\/wp-content\/uploads\/2024\/10\/Conociendo-Mi-Provincia-Estudiantes-de-Estanislao-del-Campo-1.jpg\"><img decoding=\"async\" src=\"https:\/\/agenfor.com.ar\/wp-content\/uploads\/2024\/10\/Conociendo-Mi-Provincia-Estudiantes-de-Estanislao-del-Campo-1-1024x682.jpg\" alt=\"\" class=\"wp-image-206605\"\/><\/a><\/figure>\n\n\n\n<p><strong>Justicia social<\/strong><\/p>\n\n\n\n<p>Para cerrar, el doctor Sol\u00eds sostuvo que este tipo de visitas es una de las acciones concretas de justicia social, apuntando que ello inicia desde \u201cel momento en que se les brindan a todos los estudiantes del territorio las mismas condiciones edilicias\u201d.<\/p>\n\n\n\n<p>\u201cEn segundo lugar, se encuentra el hecho de que los docentes cobren de manera justa, con los aumentos necesarios y con la recomposici\u00f3n salarial que el Estado nacional decidi\u00f3 quitarles, pero que el Gobierno provincial decidi\u00f3 pagarles con fondos propios\u201d, ampli\u00f3, al mismo tiempo que nombr\u00f3 \u201cla continuidad de los comedores escolares a pesar de los recortes sufridos por Naci\u00f3n\u201d.<\/p>\n\n\n\n<p>\u201cDesde este esquema podemos empezar a hablar de igualdad de oportunidades con equidad territorial, y estos viajes terminan siendo como la frutilla&nbsp; del postre, porque los estudiantes merecen conocer m\u00e1s y sobre todo divertirse, porque est\u00e1n en la mejor etapa de la vida\u201d, concluy\u00f3.<\/p>\n\n\n\n<p><strong>Log\u00edstica de viaje<\/strong><\/p>\n\n\n\n<p>Por su parte, la ministra de la Secretar\u00eda General del Poder Ejecutivo, la doctora Cecilia Guardia Mendonca, inform\u00f3 que \u201cal recibir el Gobernador la solicitud del viaje, inmediatamente me instruy\u00f3 a los efectos de dar curso a este pedido que incluye a m\u00e1s de 50 alumnos de dos divisiones\u201d.<\/p>\n\n\n\n<p>Y resalt\u00f3 que esta actividad se da en el marco del desarrollo del Programa \u201cConociendo Mi Provincia\u201d, detallando que los costos que el mismo genera, \u201ccomo ser alojamiento, comida y traslado, son solventados con fondos del Tesoro Provincial\u201d.<\/p>\n\n\n\n<p>Record\u00f3 que este programa \u201cexiste hace m\u00e1s de 20 a\u00f1os y se lleva a cabo de manera coordinada y organizada entre varios organismos provinciales\u201d.<\/p>\n\n\n\n<p>\u201cParticipa el Ministerio de Educaci\u00f3n, el de Gobierno a trav\u00e9s de la Polic\u00eda y las respectivas autorizaciones que los padres deben realizan para que sus hijos viajen, tambi\u00e9n del Ministerio de Desarrollo Humano, en caso de que se necesite o se requiera alguna asistencia m\u00e9dica\u201d, agreg\u00f3.<\/p>\n\n\n\n<p>Tambi\u00e9n, \u201cse cuenta con la participaci\u00f3n del Poder Legislativo, porque el Vicegobernador los recibe en la casa de los diputados provinciales, fundamentalmente d\u00e1ndoles la bienvenida\u201d.<\/p>\n\n\n\n<p>Inform\u00f3 que los chicos se encuentran alojados en el Albergue Evita y se\u00f1al\u00f3 que entre las actividades que realizan se encuentran los recorridos por el Parque Acu\u00e1tico, la Costanera, el Estadio Cincuentenario y una salida al cine.<\/p>\n\n\n\n<p>\u201cEl equipo de la Secretar\u00eda de Deportes y Recreaci\u00f3n Comunitaria tambi\u00e9n se encuentra a disposici\u00f3n, principalmente asegur\u00e1ndoles mucha diversi\u00f3n\u201d, asegur\u00f3 Guardia Mendonca.&nbsp;<\/p>\n\n\n\n<p>\u201cQuiero decirles a los padres que est\u00e9n tranquilos, que sus hijos est\u00e1n en buenas manos pero, fundamentalmente, que siempre son recibidos con mucho afecto y cari\u00f1o\u201d, cerr\u00f3.<\/p>\n\n\n\n<figure class=\"wp-block-image\"><a href=\"https:\/\/agenfor.com.ar\/wp-content\/uploads\/2024\/10\/Vicegobernador-Solis.jpg\"><img decoding=\"async\" src=\"https:\/\/agenfor.com.ar\/wp-content\/uploads\/2024\/10\/Vicegobernador-Solis-1024x681.jpg\" alt=\"\" class=\"wp-image-206608\"\/><\/a><\/figure>\n","protected":false},"excerpt":{"rendered":"<p>Este martes 8, el vicegobernador de Formosa, el doctor Eber Sol\u00eds, recibi\u00f3 en la Legislatura<\/p>\n","protected":false},"author":8,"featured_media":63097,"comment_status":"closed","ping_status":"closed","sticky":false,"template":"","format":"standard","meta":{"footnotes":""},"categories":[1],"tags":[],"class_list":["post-63096","post","type-post","status-publish","format-standard","has-post-thumbnail","hentry","category-noticias"],"_links":{"self":[{"href":"https:\/\/24formosa.com.ar\/index.php?rest_route=\/wp\/v2\/posts\/63096","targetHints":{"allow":["GET"]}}],"collection":[{"href":"https:\/\/24formosa.com.ar\/index.php?rest_route=\/wp\/v2\/posts"}],"about":[{"href":"https:\/\/24formosa.com.ar\/index.php?rest_route=\/wp\/v2\/types\/post"}],"author":[{"embeddable":true,"href":"https:\/\/24formosa.com.ar\/index.php?rest_route=\/wp\/v2\/users\/8"}],"replies":[{"embeddable":true,"href":"https:\/\/24formosa.com.ar\/index.php?rest_route=%2Fwp%2Fv2%2Fcomments&post=63096"}],"version-history":[{"count":1,"href":"https:\/\/24formosa.com.ar\/index.php?rest_route=\/wp\/v2\/posts\/63096\/revisions"}],"predecessor-version":[{"id":63099,"href":"https:\/\/24formosa.com.ar\/index.php?rest_route=\/wp\/v2\/posts\/63096\/revisions\/63099"}],"wp:featuredmedia":[{"embeddable":true,"href":"https:\/\/24formosa.com.ar\/index.php?rest_route=\/wp\/v2\/media\/63097"}],"wp:attachment":[{"href":"https:\/\/24formosa.com.ar\/index.php?rest_route=%2Fwp%2Fv2%2Fmedia&parent=63096"}],"wp:term":[{"taxonomy":"category","embeddable":true,"href":"https:\/\/24formosa.com.ar\/index.php?rest_route=%2Fwp%2Fv2%2Fcategories&post=63096"},{"taxonomy":"post_tag","embeddable":true,"href":"https:\/\/24formosa.com.ar\/index.php?rest_route=%2Fwp%2Fv2%2Ftags&post=63096"}],"curies":[{"name":"wp","href":"https:\/\/api.w.org\/{rel}","templated":true}]}}