{"id":63092,"date":"2024-10-08T21:08:58","date_gmt":"2024-10-09T00:08:58","guid":{"rendered":"https:\/\/24formosa.com.ar\/?p=63092"},"modified":"2024-10-08T21:09:36","modified_gmt":"2024-10-09T00:09:36","slug":"el-proximo-17-de-octubre-habra-remate-de-productores-paipperos-en-ingeniero-juarez","status":"publish","type":"post","link":"https:\/\/24formosa.com.ar\/?p=63092","title":{"rendered":"El pr\u00f3ximo 17 de octubre habr\u00e1 remate de productores paipperos en Ingeniero Ju\u00e1rez"},"content":{"rendered":"\n<p><em>Participar\u00e1n m\u00e1s de 90 productores.<\/em><\/p>\n\n\n\n<p>El jueves 17 de octubre habr\u00e1 feria ganadera de productores paipperos, en la localidad de Ingeniero Ju\u00e1rez. As\u00ed lo confirm\u00f3 el ministro de la Producci\u00f3n y Ambiente, Lucas Rodr\u00edguez en di\u00e1logo con esta&nbsp;<strong>Agencia de Noticias Formosa (AGENFOR)&nbsp;<\/strong>y destac\u00f3 que \u201cson alrededor de 1845 cabezas de 93 productores\u201d.<\/p>\n\n\n\n<p>Se\u00f1al\u00f3 que el evento ser\u00e1 en el predio de la Federaci\u00f3n de Asociaciones de Productores del Extremo Oeste (FAPEO), que incluir\u00e1 a sus integrantes y tambi\u00e9n de otras asociaciones de El Chorro, Lote 8, Pozo de Maza y Laguna Yema.<\/p>\n\n\n\n<figure class=\"wp-block-image\"><a href=\"https:\/\/agenfor.com.ar\/wp-content\/uploads\/2024\/10\/Lucas-Rodriguez-1.jpeg\"><img decoding=\"async\" src=\"https:\/\/agenfor.com.ar\/wp-content\/uploads\/2024\/10\/Lucas-Rodriguez-1-1024x682.jpeg\" alt=\"\" class=\"wp-image-206645\"\/><\/a><\/figure>\n\n\n\n<p>\u201cEsto ejemplifica una pol\u00edtica de equidad territorial y de justicia social que realiza el Gobierno de Formosa, en un marco de d\u00e9ficit h\u00eddrico, marcado no solamente en la provincia sino en gran parte de Sudam\u00e9rica\u201d, expres\u00f3.<\/p>\n\n\n\n<p>Resalt\u00f3 que \u201ceste tipo de acciones del Gobierno provincial regula el mercado, a trav\u00e9s del financiamiento, para que los productores puedan vender su hacienda en las categor\u00edas de terneros, terneras y novillitos a un precio justo\u201d.<\/p>\n\n\n\n<p>En este sentido, subray\u00f3 que \u201cestamos en una situaci\u00f3n de d\u00e9ficit h\u00eddrico donde el acceso al agua para el consumo animal y tambi\u00e9n la oferta de forraje local, se ve reducida\u201d, sin embargo, remarc\u00f3 que \u201cel Estado provincial atiende a la comunidad rural poniendo a disposici\u00f3n este financiamiento que permite que los productores sigan en la actividad\u201d.<\/p>\n\n\n\n<p>Asimismo, indic\u00f3 que \u201cfrente a una situaci\u00f3n macroecon\u00f3mica, donde un gobierno profundamente antinacional y antipueblo est\u00e1 llevando a la econom\u00eda a una depresi\u00f3n que atenta contra los intereses de los trabajadores, productores, de la producci\u00f3n y del trabajo, el gobernador Gildo Insfr\u00e1n, con esta acci\u00f3n, predica a lo largo y ancho de la provincia, pol\u00edticas productivas de justicia social\u201d.<\/p>\n\n\n\n<p>Adem\u00e1s, puntualiz\u00f3 que \u201cseg\u00fan el relevamiento previo hay alrededor de 275 productores nucleados en las asociaciones y de estos 93 son quienes van a llevar hacienda al remate del 17 de octubre\u201d.<\/p>\n\n\n\n<p>Y aclar\u00f3 que \u201cno solamente se hace un trabajo respecto al stock de haciendas seg\u00fan las \u00faltimas actas de vacunaci\u00f3n, sino tambi\u00e9n se ha trabajado con el Instituto de Colonizaci\u00f3n y Tierras Fiscales, el Instituto PAIPPA y Centro de Validaci\u00f3n de Tecnolog\u00edas Agropecuarias (CEVEDA), para verificar la situaci\u00f3n legal de tenencia de la tierra y jur\u00eddica de las asociaciones\u201d.<\/p>\n\n\n\n<p><strong>Bosques Nativos<\/strong><\/p>\n\n\n\n<p>Por otra parte, el Ministro de Producci\u00f3n se refiri\u00f3 a la quita del Fondo Fiduciario para la Protecci\u00f3n Ambiental de los Bosques Nativos por parte del Gobierno nacional, lamentando que \u201ces otra decisi\u00f3n m\u00e1s que va en contra de los intereses de la producci\u00f3n y del ambiente\u201d.<\/p>\n\n\n\n<p>Expuso que \u201cesta herramienta permit\u00eda a las provincias argentinas poder fortalecer no solamente su sistema de gesti\u00f3n sino tambi\u00e9n financiar proyectos para enriquecer, por ejemplo, los bosques nativos\u201d.<\/p>\n\n\n\n<p>\u201cVemos que se materializa una visi\u00f3n en contra del cambio clim\u00e1tico\u201d, manifest\u00f3 y repudi\u00f3 \u201cel negacionismo de este gobierno frente a lo que est\u00e1 sucediendo en Formosa y gran parte de Sudam\u00e9rica, con ya casi cuatro a\u00f1os de sequ\u00eda, interrumpidas moment\u00e1neamente por algunas lluvias\u201d.<\/p>\n","protected":false},"excerpt":{"rendered":"<p>Participar\u00e1n m\u00e1s de 90 productores. El jueves 17 de octubre habr\u00e1 feria ganadera de productores<\/p>\n","protected":false},"author":8,"featured_media":63093,"comment_status":"closed","ping_status":"closed","sticky":false,"template":"","format":"standard","meta":{"footnotes":""},"categories":[1],"tags":[],"class_list":["post-63092","post","type-post","status-publish","format-standard","has-post-thumbnail","hentry","category-noticias"],"_links":{"self":[{"href":"https:\/\/24formosa.com.ar\/index.php?rest_route=\/wp\/v2\/posts\/63092","targetHints":{"allow":["GET"]}}],"collection":[{"href":"https:\/\/24formosa.com.ar\/index.php?rest_route=\/wp\/v2\/posts"}],"about":[{"href":"https:\/\/24formosa.com.ar\/index.php?rest_route=\/wp\/v2\/types\/post"}],"author":[{"embeddable":true,"href":"https:\/\/24formosa.com.ar\/index.php?rest_route=\/wp\/v2\/users\/8"}],"replies":[{"embeddable":true,"href":"https:\/\/24formosa.com.ar\/index.php?rest_route=%2Fwp%2Fv2%2Fcomments&post=63092"}],"version-history":[{"count":1,"href":"https:\/\/24formosa.com.ar\/index.php?rest_route=\/wp\/v2\/posts\/63092\/revisions"}],"predecessor-version":[{"id":63095,"href":"https:\/\/24formosa.com.ar\/index.php?rest_route=\/wp\/v2\/posts\/63092\/revisions\/63095"}],"wp:featuredmedia":[{"embeddable":true,"href":"https:\/\/24formosa.com.ar\/index.php?rest_route=\/wp\/v2\/media\/63093"}],"wp:attachment":[{"href":"https:\/\/24formosa.com.ar\/index.php?rest_route=%2Fwp%2Fv2%2Fmedia&parent=63092"}],"wp:term":[{"taxonomy":"category","embeddable":true,"href":"https:\/\/24formosa.com.ar\/index.php?rest_route=%2Fwp%2Fv2%2Fcategories&post=63092"},{"taxonomy":"post_tag","embeddable":true,"href":"https:\/\/24formosa.com.ar\/index.php?rest_route=%2Fwp%2Fv2%2Ftags&post=63092"}],"curies":[{"name":"wp","href":"https:\/\/api.w.org\/{rel}","templated":true}]}}