{"id":63085,"date":"2024-10-08T21:04:43","date_gmt":"2024-10-09T00:04:43","guid":{"rendered":"https:\/\/24formosa.com.ar\/?p=63085"},"modified":"2024-10-08T21:04:45","modified_gmt":"2024-10-09T00:04:45","slug":"por-el-feriado-nacional-las-ferias-paipperas-se-adelantan-al-jueves-10","status":"publish","type":"post","link":"https:\/\/24formosa.com.ar\/?p=63085","title":{"rendered":"Por el feriado nacional las ferias paipperas se adelantan al jueves 10"},"content":{"rendered":"\n<p>A causa de que este viernes es feriado nacional con fines tur\u00edstico, las tradicionales ferias paipperas de la ciudad de Formosa se har\u00e1n el jueves 10, en los habituales espacios de comercializaci\u00f3n.<\/p>\n\n\n\n<p>Cabe recordar que los puntos de venta son el play\u00f3n donde funciona la Instituci\u00f3n, de la calle Padre Grotti 1040, por un lado; y por otro, el Polideportivo del barrio La Paz, ubicado en la calle Joaqu\u00edn de los Santos al 1200, entre Masferrer y Puchini.<\/p>\n\n\n\n<p>En el caso de la sede de Padre Grotti 1040, la apertura ser\u00e1 a partir de las 7 horas, en tanto en el Polideportivo, atendiendo a que hay p\u00fablico que tiempo antes est\u00e1 esperando, se decidi\u00f3 que la apertura sea antes de la 6 de la ma\u00f1ana, seg\u00fan indic\u00f3 Pamela Moreyra, responsable del \u00e1rea de Comercializaci\u00f3n del Instituto PAIPPA.<\/p>\n\n\n\n<p>Tambi\u00e9n aprovech\u00f3 para dar a conocer lo que suceder\u00e1 en el interior provincial. En ese sentido, confirm\u00f3 c\u00f3mo ser\u00e1 el calendario.<\/p>\n\n\n\n<p>\u201cEn el interior vamos a estar en Villa Dos Trece el jueves 10, en Belgrano el viernes 11 y en Laguna Naineck el s\u00e1bado 12\u201d, detall\u00f3.<\/p>\n\n\n\n<p>As\u00ed tambi\u00e9n en \u201cMoj\u00f3n de Fierro se har\u00e1 una feria este s\u00e1bado y domingo\u201d; y a\u00f1adi\u00f3 que, para \u201ceste mi\u00e9rcoles 9, en el marco de la capacitaci\u00f3n, habr\u00e1 feria en el barrio San Antonio en el Club Deportivo, Social y Cultural, a partir de las 16.30 horas\u201d.<\/p>\n","protected":false},"excerpt":{"rendered":"<p>A causa de que este viernes es feriado nacional con fines tur\u00edstico, las tradicionales ferias<\/p>\n","protected":false},"author":8,"featured_media":63087,"comment_status":"closed","ping_status":"closed","sticky":false,"template":"","format":"standard","meta":{"footnotes":""},"categories":[1],"tags":[],"class_list":["post-63085","post","type-post","status-publish","format-standard","has-post-thumbnail","hentry","category-noticias"],"_links":{"self":[{"href":"https:\/\/24formosa.com.ar\/index.php?rest_route=\/wp\/v2\/posts\/63085","targetHints":{"allow":["GET"]}}],"collection":[{"href":"https:\/\/24formosa.com.ar\/index.php?rest_route=\/wp\/v2\/posts"}],"about":[{"href":"https:\/\/24formosa.com.ar\/index.php?rest_route=\/wp\/v2\/types\/post"}],"author":[{"embeddable":true,"href":"https:\/\/24formosa.com.ar\/index.php?rest_route=\/wp\/v2\/users\/8"}],"replies":[{"embeddable":true,"href":"https:\/\/24formosa.com.ar\/index.php?rest_route=%2Fwp%2Fv2%2Fcomments&post=63085"}],"version-history":[{"count":1,"href":"https:\/\/24formosa.com.ar\/index.php?rest_route=\/wp\/v2\/posts\/63085\/revisions"}],"predecessor-version":[{"id":63088,"href":"https:\/\/24formosa.com.ar\/index.php?rest_route=\/wp\/v2\/posts\/63085\/revisions\/63088"}],"wp:featuredmedia":[{"embeddable":true,"href":"https:\/\/24formosa.com.ar\/index.php?rest_route=\/wp\/v2\/media\/63087"}],"wp:attachment":[{"href":"https:\/\/24formosa.com.ar\/index.php?rest_route=%2Fwp%2Fv2%2Fmedia&parent=63085"}],"wp:term":[{"taxonomy":"category","embeddable":true,"href":"https:\/\/24formosa.com.ar\/index.php?rest_route=%2Fwp%2Fv2%2Fcategories&post=63085"},{"taxonomy":"post_tag","embeddable":true,"href":"https:\/\/24formosa.com.ar\/index.php?rest_route=%2Fwp%2Fv2%2Ftags&post=63085"}],"curies":[{"name":"wp","href":"https:\/\/api.w.org\/{rel}","templated":true}]}}