{"id":63081,"date":"2024-10-07T21:32:42","date_gmt":"2024-10-08T00:32:42","guid":{"rendered":"https:\/\/24formosa.com.ar\/?p=63081"},"modified":"2024-10-07T21:32:43","modified_gmt":"2024-10-08T00:32:43","slug":"formosa-intensifica-vacunacion-contra-el-dengue-por-segunda-semana-consecutiva-en-departamento-pilcomayo","status":"publish","type":"post","link":"https:\/\/24formosa.com.ar\/?p=63081","title":{"rendered":"Formosa intensifica vacunaci\u00f3n contra el dengue, por segunda semana consecutiva en Departamento Pilcomayo"},"content":{"rendered":"\n<p><em>Desde el martes 8 y hasta el viernes 11 de octubre continuar\u00e1 la campa\u00f1a de vacunaci\u00f3n contra el dengue, en el Departamento Pilcomayo, de la provincia de Formosa.<\/em><\/p>\n\n\n\n<p>Se trata de la aplicaci\u00f3n de la primera dosis de esta vacuna, al grupo etario de 35 a 39 a\u00f1os de edad.<\/p>\n\n\n\n<p>Esta semana, se continuar\u00e1 vacunando en: Laguna Blanca y Colonia La Primavera, en Laguna Naineck, abarcando El Para\u00edso, Palma Sola, San Juan, Isla Pu\u00e9n, Ceibo Trece y Villa Lucero. Adem\u00e1s, en Clorinda, incluyendo a Riacho Negro, Isla Apando, Isla Buey Muerto, 1\u00b0 de Mayo, El Porte\u00f1o, barrio Toba, Puerto Pilcomayo, CIC y Juan Pablo II.<\/p>\n\n\n\n<p>Est\u00e1n incluidos vecinos de Riacho He H\u00e9, El Recodo, Frontera y Loma Hermosa, y en Siete Palmas: Sudam\u00e9rica, La Primavera y Sol de Mayo.<br><br>Se solicit\u00f3 asistir a centros de salud y hospitales, con DNI, en el horario de 7.30 a 20 horas, aunque aclar\u00f3 que tambi\u00e9n los equipos realizar\u00e1n vacunaci\u00f3n domiciliaria.<br><br>En este contexto, Julio Arroyo, jefe del Departamento de Inmunizaciones del Ministerio de Desarrollo Humano, record\u00f3 en di\u00e1logo con la&nbsp;<strong><em>Agencia de Noticias Formosa&nbsp;<\/em><\/strong>(AGENFOR) que la campa\u00f1a comenz\u00f3 el pasado lunes, para todos los residentes del Departamento Pilcomayo, que tengan entre 35 y 39 a\u00f1os de edad.<\/p>\n\n\n\n<figure class=\"wp-block-image\"><a href=\"https:\/\/agenfor.com.ar\/wp-content\/uploads\/2023\/06\/arroyo-vacunas.jpg\"><img decoding=\"async\" src=\"https:\/\/agenfor.com.ar\/wp-content\/uploads\/2023\/06\/arroyo-vacunas-1024x682.jpg\" alt=\"\" class=\"wp-image-161027\"\/><\/a><figcaption class=\"wp-element-caption\"><strong><em>Julio Arroyo<\/em><\/strong><\/figcaption><\/figure>\n\n\n\n<p>\u201cHab\u00edamos dicho de que se comenzaba estrat\u00e9gicamente en este departamento por la cercan\u00eda con la hermana Rep\u00fablica del Paraguay para hacer un bloqueo de posibles ingresos de otras cepas del dengue, de otros serotipos y tambi\u00e9n en este grupo etario, porque fue el m\u00e1s afectado por esta enfermedad en ese departamento\u201d, detall\u00f3.<\/p>\n\n\n\n<p>Pidi\u00f3 a las personas incluidas en el grupo objetivo, a \u201cque lo hagan, porque es una estrategia m\u00e1s que se implementa en la lucha contra el vector\u201d, enfatiz\u00f3.<\/p>\n\n\n\n<p>Trajo a colaci\u00f3n que es necesario erradicar la presencia del Aedes aegypti, transmisor de la enfermedad, manteniendo las medidas en el domicilio.<\/p>\n\n\n\n<p>\u201cLa vacunaci\u00f3n es una estrategia m\u00e1s de la lucha contra el dengue\u201d, subray\u00f3, tras insistir con que \u201ccada vecino es socialmente responsable de eliminar los criaderos del mosquito\u201d de su casa.<\/p>\n","protected":false},"excerpt":{"rendered":"<p>Desde el martes 8 y hasta el viernes 11 de octubre continuar\u00e1 la campa\u00f1a de<\/p>\n","protected":false},"author":8,"featured_media":63082,"comment_status":"closed","ping_status":"closed","sticky":false,"template":"","format":"standard","meta":{"footnotes":""},"categories":[1],"tags":[],"class_list":["post-63081","post","type-post","status-publish","format-standard","has-post-thumbnail","hentry","category-noticias"],"_links":{"self":[{"href":"https:\/\/24formosa.com.ar\/index.php?rest_route=\/wp\/v2\/posts\/63081","targetHints":{"allow":["GET"]}}],"collection":[{"href":"https:\/\/24formosa.com.ar\/index.php?rest_route=\/wp\/v2\/posts"}],"about":[{"href":"https:\/\/24formosa.com.ar\/index.php?rest_route=\/wp\/v2\/types\/post"}],"author":[{"embeddable":true,"href":"https:\/\/24formosa.com.ar\/index.php?rest_route=\/wp\/v2\/users\/8"}],"replies":[{"embeddable":true,"href":"https:\/\/24formosa.com.ar\/index.php?rest_route=%2Fwp%2Fv2%2Fcomments&post=63081"}],"version-history":[{"count":1,"href":"https:\/\/24formosa.com.ar\/index.php?rest_route=\/wp\/v2\/posts\/63081\/revisions"}],"predecessor-version":[{"id":63083,"href":"https:\/\/24formosa.com.ar\/index.php?rest_route=\/wp\/v2\/posts\/63081\/revisions\/63083"}],"wp:featuredmedia":[{"embeddable":true,"href":"https:\/\/24formosa.com.ar\/index.php?rest_route=\/wp\/v2\/media\/63082"}],"wp:attachment":[{"href":"https:\/\/24formosa.com.ar\/index.php?rest_route=%2Fwp%2Fv2%2Fmedia&parent=63081"}],"wp:term":[{"taxonomy":"category","embeddable":true,"href":"https:\/\/24formosa.com.ar\/index.php?rest_route=%2Fwp%2Fv2%2Fcategories&post=63081"},{"taxonomy":"post_tag","embeddable":true,"href":"https:\/\/24formosa.com.ar\/index.php?rest_route=%2Fwp%2Fv2%2Ftags&post=63081"}],"curies":[{"name":"wp","href":"https:\/\/api.w.org\/{rel}","templated":true}]}}