{"id":63078,"date":"2024-10-07T21:30:27","date_gmt":"2024-10-08T00:30:27","guid":{"rendered":"https:\/\/24formosa.com.ar\/?p=63078"},"modified":"2024-10-07T21:30:27","modified_gmt":"2024-10-08T00:30:27","slug":"sigue-la-distribucion-de-productos-de-nutrifor-para-el-servicio-nutricional-de-escuelas-de-toda-la-provincia","status":"publish","type":"post","link":"https:\/\/24formosa.com.ar\/?p=63078","title":{"rendered":"Sigue la distribuci\u00f3n de productos de Nutrifor para el servicio nutricional de escuelas de toda la provincia"},"content":{"rendered":"\n<p>La nueva entrega de productos para fortalecer el servicio nutricional que prestan los establecimientos escolares de toda la provincia de Formosa, que se&nbsp;<a href=\"https:\/\/agenfor.com.ar\/2024\/10\/comenzo-una-nueva-entrega-de-alimentos-nutrifor-para-establecimientos-educativos\/\">hab\u00eda iniciado en la EPES N\u00b0 62 de Tatan\u00e9<\/a>, dentro del Programa de Fortalecimiento Nutricional a Escuelas a cargo de la empresa Alimentos Nutritivos Formosa (Nutrifor), continu\u00f3 en El Colorado, Villafa\u00f1e y Villa Dos Trece.<\/p>\n\n\n\n<p>En cada uno de estos lugares se llev\u00f3 a cabo la distribuci\u00f3n en un acto de \u201cestricta justicia social\u201d por decisi\u00f3n del gobernador Gildo Insfr\u00e1n, acompa\u00f1ada por las autoridades del Ministerio de Cultura y Educaci\u00f3n y las respectivas Delegaciones Zonales.<\/p>\n\n\n\n<p>Es as\u00ed que, el profesor Claudio Feldman, delegado zonal de Villafa\u00f1e, testimoni\u00f3 lo ocurrido all\u00ed, destacando que precisamente esta acci\u00f3n del Gobierno de Formosa que llega a todas las escuelas, mediante una log\u00edstica aceitada de la que colaboran tambi\u00e9n otras carteras provinciales.<\/p>\n\n\n\n<p>Distingui\u00f3 la calidad de los productos de Nutrifor, al marcar que la \u201cleche fortificada, el mate cocido y la chocolatada que son tan ricos\u201d destinados al \u201cservicio de comedor escolar y copa de leche en la localidad y las colonias\u201d aleda\u00f1as.<\/p>\n\n\n\n<figure class=\"wp-block-image\"><a href=\"https:\/\/agenfor.com.ar\/wp-content\/uploads\/2024\/10\/producto-elaborado-por-Nutrifor-1.jpg\"><img decoding=\"async\" src=\"https:\/\/agenfor.com.ar\/wp-content\/uploads\/2024\/10\/producto-elaborado-por-Nutrifor-1.jpg\" alt=\"\" class=\"wp-image-206522\"\/><\/a><\/figure>\n\n\n\n<p>Con ello se abarcar\u00e1 a \u201cm\u00e1s de 2400 alumnos de los Niveles Inicial, Primario y Secundario\u201d, por lo que enfatiz\u00f3 que \u201ces una alegr\u00eda, esta que es una noticia tan esperada\u201d, ya que \u201cviene a complementar la partida del servicio social nutricional que brinda el Gobierno de Formosa\u201d, remarc\u00f3.<\/p>\n\n\n\n<p>Y&nbsp; m\u00e1s a\u00fan \u201cen estos momentos en que el pa\u00eds est\u00e1 sumergido en una grave crisis econ\u00f3mica\u201d, se expres\u00f3 tambi\u00e9n por parte de autoridades educativas que est\u00e1n dentro de la jurisdicci\u00f3n de la Delegaci\u00f3n Zonal de Villa Dos Trece, donde estuvieron el ministro de Educaci\u00f3n y Cultura, Julio Ar\u00e1oz, el subsecretario de Educaci\u00f3n, Luis Ram\u00edrez M\u00e9ndez y el director de Parque Industrial y tambi\u00e9n del directorio de Nutrifor, Guillermo Escobar, acompa\u00f1ando la jornada de distribuci\u00f3n llevada a cabo la semana pasada.<\/p>\n\n\n\n<p>En definitiva, los \u00fanicos beneficiarios son los ni\u00f1os y adolescentes.&nbsp; Destac\u00e1ndose el hecho de que \u201cse preparan de manera f\u00e1cil, con buena aceptaci\u00f3n de los ni\u00f1os y adolescentes\u201d y \u201ccon la que tambi\u00e9n se refuerza su salud nutricional. Por eso nosotros estamos agradecidos al Gobierno y a la empresa que los elabora\u201d, subrayaron en ese mismo sentido.<\/p>\n","protected":false},"excerpt":{"rendered":"<p>La nueva entrega de productos para fortalecer el servicio nutricional que prestan los establecimientos escolares<\/p>\n","protected":false},"author":8,"featured_media":63079,"comment_status":"closed","ping_status":"closed","sticky":false,"template":"","format":"standard","meta":{"footnotes":""},"categories":[1],"tags":[],"class_list":["post-63078","post","type-post","status-publish","format-standard","has-post-thumbnail","hentry","category-noticias"],"_links":{"self":[{"href":"https:\/\/24formosa.com.ar\/index.php?rest_route=\/wp\/v2\/posts\/63078","targetHints":{"allow":["GET"]}}],"collection":[{"href":"https:\/\/24formosa.com.ar\/index.php?rest_route=\/wp\/v2\/posts"}],"about":[{"href":"https:\/\/24formosa.com.ar\/index.php?rest_route=\/wp\/v2\/types\/post"}],"author":[{"embeddable":true,"href":"https:\/\/24formosa.com.ar\/index.php?rest_route=\/wp\/v2\/users\/8"}],"replies":[{"embeddable":true,"href":"https:\/\/24formosa.com.ar\/index.php?rest_route=%2Fwp%2Fv2%2Fcomments&post=63078"}],"version-history":[{"count":1,"href":"https:\/\/24formosa.com.ar\/index.php?rest_route=\/wp\/v2\/posts\/63078\/revisions"}],"predecessor-version":[{"id":63080,"href":"https:\/\/24formosa.com.ar\/index.php?rest_route=\/wp\/v2\/posts\/63078\/revisions\/63080"}],"wp:featuredmedia":[{"embeddable":true,"href":"https:\/\/24formosa.com.ar\/index.php?rest_route=\/wp\/v2\/media\/63079"}],"wp:attachment":[{"href":"https:\/\/24formosa.com.ar\/index.php?rest_route=%2Fwp%2Fv2%2Fmedia&parent=63078"}],"wp:term":[{"taxonomy":"category","embeddable":true,"href":"https:\/\/24formosa.com.ar\/index.php?rest_route=%2Fwp%2Fv2%2Fcategories&post=63078"},{"taxonomy":"post_tag","embeddable":true,"href":"https:\/\/24formosa.com.ar\/index.php?rest_route=%2Fwp%2Fv2%2Ftags&post=63078"}],"curies":[{"name":"wp","href":"https:\/\/api.w.org\/{rel}","templated":true}]}}