{"id":63075,"date":"2024-10-07T21:28:28","date_gmt":"2024-10-08T00:28:28","guid":{"rendered":"https:\/\/24formosa.com.ar\/?p=63075"},"modified":"2024-10-07T21:28:28","modified_gmt":"2024-10-08T00:28:28","slug":"inicio-orquestas-y-coro-infantiles-y-juveniles-un-taller-educativo-con-acceso-libre-y-gratuito","status":"publish","type":"post","link":"https:\/\/24formosa.com.ar\/?p=63075","title":{"rendered":"Inici\u00f3 \u201cOrquestas y Coro Infantiles y Juveniles\u201d, un taller educativo con acceso libre y gratuito"},"content":{"rendered":"\n<p><em>El s\u00e1bado 5 de octubre, el Programa \u201cOrquestas y Coro Infantiles y Juveniles\u201d dio inicio al taller 2024, en sus dos sedes situadas en la Escuela Provincial de Educaci\u00f3n Secundaria N\u00b0 57 del barrio Liborsi y la Escuela Provincial de Educaci\u00f3n Secundaria N\u00b0 59 del Antenor Gauna.<\/em><\/p>\n\n\n\n<p>Este programa, que se desarrolla a trav\u00e9s de la Coordinaci\u00f3n de Pol\u00edticas Socioeducativas del Ministerio de Cultura y Educaci\u00f3n de Formosa, \u201cconsiste en ense\u00f1ar al alumno sobre instrumentos orquestales, como ser violines, violas, chelos, contrabajos, flautas, clarinetes\u201d, explic\u00f3 a la Agencia de Noticias Formosa el coordinador del taller, el profesor Rub\u00e9n Amarilla.<\/p>\n\n\n\n<p>Est\u00e1 destinado a ni\u00f1os y j\u00f3venes en edad escolar que sean o no parte de la instituci\u00f3n, como as\u00ed tambi\u00e9n a aquellos estudiantes que hayan desertado y quieren ser parte del grupo, ya que uno de los objetivos principales del taller es volver a acercar a la escuela a aquellos que la hayan dejado.<\/p>\n\n\n\n<p>La participaci\u00f3n es sin costo, es decir con acceso libre y gratuito y en las clases, adem\u00e1s de ense\u00f1ar a tocar el instrumento, \u201cse instruir\u00e1 en c\u00f3mo leer partituras, que es como un lenguaje nuevo\u201d, se\u00f1al\u00f3 Amarilla.<\/p>\n\n\n\n<p>\u201cEl a\u00f1o pasado (2023) hemos recibido muchos instrumentos que tienen un costo muy elevado, pero lamentablemente este a\u00f1o el Estado nacional decidi\u00f3 no continuar con esta herramienta pedag\u00f3gica, por ende, el taller se encuentra funcionando debido a una decisi\u00f3n del Gobierno de Formosa que no dud\u00f3 en continuar apoyando a la educaci\u00f3n en todos sus ejes\u201d, ampli\u00f3.<\/p>\n\n\n\n<p>\u201cNo hay nada m\u00e1s lindo que ver a un ni\u00f1o tocando un instrumento\u201d, acentu\u00f3 Amarilla, quien adem\u00e1s aprovech\u00f3 para destacar que \u201cesta propuesta se dicta los s\u00e1bados, y a\u00fan as\u00ed los alumnos asisten, lo que evidencia que lo hacen por puro gusto y placer\u201d.<\/p>\n\n\n\n<p>\u201cUna vez m\u00e1s, el Gobierno provincial no desampar\u00f3 a los ni\u00f1os, ni\u00f1as y j\u00f3venes\u201d, insisti\u00f3 con satisfacci\u00f3n.<\/p>\n\n\n\n<p>Adem\u00e1s, agreg\u00f3 que \u201cel objetivo a largo plazo es extender la propuesta a m\u00e1s barrios, es decir, armar nuevas sedes\u201d adelantando que tienen en mente \u201cllegar a Lote 4 y Villa del Carmen\u201d.<\/p>\n\n\n\n<p>Para cerrar, Amarilla inform\u00f3 que las clases se dictar\u00e1n todos los s\u00e1bados de 14 a 18 horas en la EPES N\u00b0 57 y de 8.30 a 12.30 horas en la EPES N\u00b0 59.<\/p>\n\n\n\n<p>Finalmente, cabe reflexionar que hist\u00f3ricamente estos instrumentos de orquesta siempre estuvieron a disposici\u00f3n de las \u00e9lites econ\u00f3micas, es decir, solo de aquellos que pod\u00edan comprar un instrumento y formar una orquesta. Sin embargo, con este programa, hace m\u00e1s de diez a\u00f1os que en la provincia se brinda esta misma oportunidad a cualquier estudiante, demostrando as\u00ed una vez m\u00e1s que la igualdad de oportunidades es uno de los ejes fundamentales de las pol\u00edticas llevadas a cabo por el Modelo Formose\u00f1o.<\/p>\n\n\n\n<figure class=\"wp-block-image\"><a href=\"https:\/\/agenfor.com.ar\/wp-content\/uploads\/2024\/10\/Orquestas-y-Coros-1.jpg\"><img decoding=\"async\" src=\"https:\/\/agenfor.com.ar\/wp-content\/uploads\/2024\/10\/Orquestas-y-Coros-1-1024x682.jpg\" alt=\"\" class=\"wp-image-206468\"\/><\/a><\/figure>\n","protected":false},"excerpt":{"rendered":"<p>El s\u00e1bado 5 de octubre, el Programa \u201cOrquestas y Coro Infantiles y Juveniles\u201d dio inicio<\/p>\n","protected":false},"author":8,"featured_media":63076,"comment_status":"closed","ping_status":"closed","sticky":false,"template":"","format":"standard","meta":{"footnotes":""},"categories":[1],"tags":[],"class_list":["post-63075","post","type-post","status-publish","format-standard","has-post-thumbnail","hentry","category-noticias"],"_links":{"self":[{"href":"https:\/\/24formosa.com.ar\/index.php?rest_route=\/wp\/v2\/posts\/63075","targetHints":{"allow":["GET"]}}],"collection":[{"href":"https:\/\/24formosa.com.ar\/index.php?rest_route=\/wp\/v2\/posts"}],"about":[{"href":"https:\/\/24formosa.com.ar\/index.php?rest_route=\/wp\/v2\/types\/post"}],"author":[{"embeddable":true,"href":"https:\/\/24formosa.com.ar\/index.php?rest_route=\/wp\/v2\/users\/8"}],"replies":[{"embeddable":true,"href":"https:\/\/24formosa.com.ar\/index.php?rest_route=%2Fwp%2Fv2%2Fcomments&post=63075"}],"version-history":[{"count":1,"href":"https:\/\/24formosa.com.ar\/index.php?rest_route=\/wp\/v2\/posts\/63075\/revisions"}],"predecessor-version":[{"id":63077,"href":"https:\/\/24formosa.com.ar\/index.php?rest_route=\/wp\/v2\/posts\/63075\/revisions\/63077"}],"wp:featuredmedia":[{"embeddable":true,"href":"https:\/\/24formosa.com.ar\/index.php?rest_route=\/wp\/v2\/media\/63076"}],"wp:attachment":[{"href":"https:\/\/24formosa.com.ar\/index.php?rest_route=%2Fwp%2Fv2%2Fmedia&parent=63075"}],"wp:term":[{"taxonomy":"category","embeddable":true,"href":"https:\/\/24formosa.com.ar\/index.php?rest_route=%2Fwp%2Fv2%2Fcategories&post=63075"},{"taxonomy":"post_tag","embeddable":true,"href":"https:\/\/24formosa.com.ar\/index.php?rest_route=%2Fwp%2Fv2%2Ftags&post=63075"}],"curies":[{"name":"wp","href":"https:\/\/api.w.org\/{rel}","templated":true}]}}