{"id":63072,"date":"2024-10-07T21:27:08","date_gmt":"2024-10-08T00:27:08","guid":{"rendered":"https:\/\/24formosa.com.ar\/?p=63072"},"modified":"2024-10-07T21:27:09","modified_gmt":"2024-10-08T00:27:09","slug":"la-caja-de-prevision-social-tiene-nueva-sede-de-atencion","status":"publish","type":"post","link":"https:\/\/24formosa.com.ar\/?p=63072","title":{"rendered":"La Caja de Previsi\u00f3n Social tiene nueva sede de atenci\u00f3n"},"content":{"rendered":"\n<p><em>A partir de este lunes 7, la Caja de Previsi\u00f3n Social (CPS) tiene nuevo lugar de atenci\u00f3n a sus beneficiarios. El organismo provincial se encuentra ahora en el exedificio del IASEP, ubicado en Jonas Salk 435, entre Las Heras y Leandro Alem, del barrio San Miguel.<\/em><\/p>\n\n\n\n<p>Seg\u00fan explic\u00f3 el titular de la CPS, Rolando Javier Ram\u00edrez, el organismo provincial atender\u00e1 en este nuevo lugar hasta tanto se construya el nuevo edificio, en un predio propio.<\/p>\n\n\n\n<figure class=\"wp-block-image\"><a href=\"https:\/\/agenfor.com.ar\/wp-content\/uploads\/2024\/10\/atencion-en-la-Caja.jpeg\"><img decoding=\"async\" src=\"https:\/\/agenfor.com.ar\/wp-content\/uploads\/2024\/10\/atencion-en-la-Caja-1024x682.jpeg\" alt=\"\" class=\"wp-image-206461\"\/><\/a><figcaption class=\"wp-element-caption\">Rolando Javier Ram\u00edrez, titular de la CPS<\/figcaption><\/figure>\n\n\n\n<p><br>El horario de atenci\u00f3n es de 7.30 a 12.30 horas, los jubilados ya se encuentran al tanto de la novedad y concurrieron a realizar sus tr\u00e1mites desde temprano.<\/p>\n\n\n\n<p>En di\u00e1logo con la&nbsp;<strong><em>Agencia de Noticias Formosa<\/em><\/strong>&nbsp;(AGENFOR), agradeci\u00f3 la posibilidad de contar con un edificio moderno y nuevo al Gobierno provincial, para beneficio tanto de trabajadores, como de jubilados.<\/p>\n\n\n\n<p>Aclar\u00f3 que el organismo atender\u00e1 en esta nueva direcci\u00f3n y tambi\u00e9n realizar\u00e1n entrega de recibos y consultas varias en el Anexo, ubicado en Belgrano 238, de la Capital, donde se realizan distintos talleres para jubilados.<\/p>\n","protected":false},"excerpt":{"rendered":"<p>A partir de este lunes 7, la Caja de Previsi\u00f3n Social (CPS) tiene nuevo lugar<\/p>\n","protected":false},"author":8,"featured_media":63073,"comment_status":"closed","ping_status":"closed","sticky":false,"template":"","format":"standard","meta":{"footnotes":""},"categories":[1],"tags":[],"class_list":["post-63072","post","type-post","status-publish","format-standard","has-post-thumbnail","hentry","category-noticias"],"_links":{"self":[{"href":"https:\/\/24formosa.com.ar\/index.php?rest_route=\/wp\/v2\/posts\/63072","targetHints":{"allow":["GET"]}}],"collection":[{"href":"https:\/\/24formosa.com.ar\/index.php?rest_route=\/wp\/v2\/posts"}],"about":[{"href":"https:\/\/24formosa.com.ar\/index.php?rest_route=\/wp\/v2\/types\/post"}],"author":[{"embeddable":true,"href":"https:\/\/24formosa.com.ar\/index.php?rest_route=\/wp\/v2\/users\/8"}],"replies":[{"embeddable":true,"href":"https:\/\/24formosa.com.ar\/index.php?rest_route=%2Fwp%2Fv2%2Fcomments&post=63072"}],"version-history":[{"count":1,"href":"https:\/\/24formosa.com.ar\/index.php?rest_route=\/wp\/v2\/posts\/63072\/revisions"}],"predecessor-version":[{"id":63074,"href":"https:\/\/24formosa.com.ar\/index.php?rest_route=\/wp\/v2\/posts\/63072\/revisions\/63074"}],"wp:featuredmedia":[{"embeddable":true,"href":"https:\/\/24formosa.com.ar\/index.php?rest_route=\/wp\/v2\/media\/63073"}],"wp:attachment":[{"href":"https:\/\/24formosa.com.ar\/index.php?rest_route=%2Fwp%2Fv2%2Fmedia&parent=63072"}],"wp:term":[{"taxonomy":"category","embeddable":true,"href":"https:\/\/24formosa.com.ar\/index.php?rest_route=%2Fwp%2Fv2%2Fcategories&post=63072"},{"taxonomy":"post_tag","embeddable":true,"href":"https:\/\/24formosa.com.ar\/index.php?rest_route=%2Fwp%2Fv2%2Ftags&post=63072"}],"curies":[{"name":"wp","href":"https:\/\/api.w.org\/{rel}","templated":true}]}}