{"id":63069,"date":"2024-10-07T21:25:34","date_gmt":"2024-10-08T00:25:34","guid":{"rendered":"https:\/\/24formosa.com.ar\/?p=63069"},"modified":"2024-10-07T21:25:34","modified_gmt":"2024-10-08T00:25:34","slug":"el-gobierno-de-formosa-realizo-el-lanzamiento-de-la-campana-contra-el-dengue-2024-2025","status":"publish","type":"post","link":"https:\/\/24formosa.com.ar\/?p=63069","title":{"rendered":"El Gobierno de Formosa realiz\u00f3 el lanzamiento de la campa\u00f1a contra el dengue 2024 \u2013 2025"},"content":{"rendered":"\n<p><em>Durante el acto reivindicaron el valor y los buenos resultados del trabajo conjunto e integral que, por varios a\u00f1os consecutivos, viene desplegando el Ministerio de Desarrollo Humano y las dem\u00e1s instituciones del Gobierno de la Provincia.<\/em><\/p>\n\n\n\n<p>En la ma\u00f1ana de este lunes, 7 de octubre, el Gobierno de Formosa concret\u00f3 el lanzamiento de la campa\u00f1a contra el dengue que se llevar\u00e1 a cabo a lo largo y ancho del territorio, tanto en la Capital como en las localidades del interior, en el periodo 2024 \u2013 2025.<\/p>\n\n\n\n<p>El evento fue encabezado por el ministro de Desarrollo Humano, An\u00edbal G\u00f3mez, quien estuvo acompa\u00f1ado por el subsecretario de Medicina Sanitaria, doctor Manuel C\u00e1ceres; la directora de Epidemiolog\u00eda y Medicina Tropical, doctora Claudia Rodr\u00edguez; otros funcionarios de esa cartera y directores de los hospitales y centros de salud de toda la provincia.<\/p>\n\n\n\n<p>Tambi\u00e9n estuvieron presentes el jefe del Comando Radioel\u00e9ctrico Policial, el comisario General Juan Humberto Ver\u00f3n; el subsecretario de Gobierno de la Municipalidad de Formosa, Fabi\u00e1n C\u00e1ceres y el defensor del Pueblo, Leonardo Gialucca, entre otras autoridades de diferentes instituciones que participan en la campa\u00f1a contra el dengue.<\/p>\n\n\n\n<p>En su discurso, G\u00f3mez agradeci\u00f3 a los presentes y valor\u00f3, especialmente, la importante labor de las brigadas sanitarias y de los equipos de salud en la campa\u00f1a contra el dengue \u201cporque son los que educan a la poblaci\u00f3n. Sin educaci\u00f3n es muy dif\u00edcil combatir cualquier enfermedad end\u00e9mica y esta es una de ellas\u201d.<\/p>\n\n\n\n<figure class=\"wp-block-image\"><a href=\"https:\/\/agenfor.com.ar\/wp-content\/uploads\/2024\/10\/El-ministro-Gomez-realizo-el-lanzamiento-de-la-campana-contra-el-dengue-2024-4.jpg\"><img decoding=\"async\" src=\"https:\/\/agenfor.com.ar\/wp-content\/uploads\/2024\/10\/El-ministro-Gomez-realizo-el-lanzamiento-de-la-campana-contra-el-dengue-2024-4-1024x576.jpg\" alt=\"\" class=\"wp-image-206517\"\/><\/a><\/figure>\n\n\n\n<p>Hizo notar, que el dengue es un tema prioritario para el Gobierno de la Provincia porque, d\u00eda a d\u00eda, se sigue la evoluci\u00f3n de esta enfermedad y Formosa \u201ces la \u00fanica provincia que testea con m\u00e9todos de laboratorio los casos positivos. Eso se hace de forma diaria, semanal, mensual y anual y, adem\u00e1s, se va comparando\u201d.<\/p>\n\n\n\n<p>Explic\u00f3 que si bien es un trabajo que se realiza a lo largo del a\u00f1o, si se compara el periodo actual con el mismo del a\u00f1o pasado \u201ca esta altura ten\u00edamos muchos m\u00e1s casos y est\u00e1bamos iniciando un pico de dengue. Pero este a\u00f1o no es as\u00ed, ya que tenemos un nivel muy bajo de casos y lo que debemos hacer es intensificar las acciones para que se mantenga de esa manera, no nos traiga sorpresas y sea manejable\u201d.<\/p>\n\n\n\n<p>Record\u00f3 que el vector del dengue, el mosquito Aedes aegypti, que tambi\u00e9n transmite otras enfermedades como el zika y el chikungunya \u201cse puede controlar porque vive en nuestras casas. Si tomamos conciencia de eso y cumplimos los cuidados tal como se pide que deben hacerse, no van a haber mosquitos y sin mosquitos no hay dengue. Es una realidad\u201d.<\/p>\n\n\n\n<p>Puso de resalto al respecto que, durante el invierno, las tareas contra el dengue se llevaron a cabo ininterrumpidamente y los buenos resultados pueden verse en este momento, remarcando que \u201cel trabajo, que es mancomunado con las dem\u00e1s instituciones, tiene su impacto\u201d porque, por ejemplo, la polic\u00eda que acompa\u00f1a \u201cda seguridad a los vecinos para que abran sus puertas\u201d.<\/p>\n\n\n\n<p>Con relaci\u00f3n a lo anterior, dio a conocer que hay familias que no abren sus puertas a las brigadas sanitarias y alert\u00f3 que \u201cdeben rever ese comportamiento\u201d porque el dengue es un problema de salud p\u00fablica \u201cde toda la comunidad y no es una cuesti\u00f3n individual. Por lo tanto, si un vecino tiene criaderos de mosquitos en su casa, est\u00e1 poniendo en riesgo al vecindario y a toda la poblaci\u00f3n\u201d.<\/p>\n\n\n\n<p>\u201cPor eso tambi\u00e9n participa en esto el Defensor del Pueblo. Tenemos ya antecedentes en la justicia y las personas que se nieguen al ingreso de las brigadas sanitarias, van a recibir la sanci\u00f3n correspondiente\u201d, a\u00f1adi\u00f3 el titular de la cartera sanitaria provincial.<\/p>\n\n\n\n<p>Seguidamente, revel\u00f3 que en la ciudad de Formosa se est\u00e1n eliminando por d\u00eda entre 60 y 200 criaderos de mosquitos, con un promedio de 100. \u201cEso se hace a trav\u00e9s del trabajo de las brigadas sanitarias y de la municipalidad. Y si no se hiciera, sobre todo despu\u00e9s de las lluvias, probablemente tendr\u00edamos miles de infectados\u201d, se\u00f1al\u00f3.<\/p>\n\n\n\n<p>Asegur\u00f3, en tanto, que el sistema de salud se est\u00e1 preparando como corresponde para la \u00e9poca de mayor impacto de esta enfermedad y si se sigue trabajando de forma coordinada con las dem\u00e1s instituciones y con las familias que tienen un rol primordial \u201cFormosa va a lograr vencer al dengue\u201d.<\/p>\n\n\n\n<p><strong>Vacunaci\u00f3n<\/strong><\/p>\n\n\n\n<p>G\u00f3mez mencion\u00f3 que, esta semana, continua la vacunaci\u00f3n contra el dengue en el departamento Pilcomayo \u201cporque debemos completar como m\u00ednimo la vacunaci\u00f3n del 70% de la poblaci\u00f3n que vive en ese lugar, para lograr tener una inmunidad de reba\u00f1o que pueda asegurarle inmunidad al resto de las personas\u201d.<\/p>\n\n\n\n<p>Y remarc\u00f3, que se debe tener presente \u201cque la vacuna es importante, pero es solo una estrategia m\u00e1s, porque lo fundamental sigue siendo combatir al mosquito, eliminando los criaderos\u201d.<\/p>\n\n\n\n<p><strong>Compromiso del Gobierno y de sus instituciones<\/strong><\/p>\n\n\n\n<p>Por su parte, el Comisario General Juan Humberto Ver\u00f3n, subray\u00f3 la participaci\u00f3n de la Polic\u00eda de la Provincia como parte de la comunidad organizada \u201cacompa\u00f1ando a los brigadistas\u201d.<\/p>\n\n\n\n<p>De ese modo, la polic\u00eda se suma \u201cal trabajo conjunto\u201d, afirm\u00f3, como garante de la seguridad de los vecinos y de las brigadas sanitarias. \u201cLa comunidad tiene que sentirse tranquila\u201d, asegur\u00f3.<\/p>\n\n\n\n<p>Explic\u00f3 que \u201cesta iniciativa se viene haciendo desde a\u00f1os anteriores y demuestra el compromiso del Gobierno de la provincia con todas sus instituciones contra el flagelo del dengue\u201d.<\/p>\n\n\n\n<p><strong>Trabajo integral<\/strong><\/p>\n\n\n\n<p>Acerca del accionar que va a efectuar el municipio, el subsecretario Fabi\u00e1n C\u00e1ceres, manifest\u00f3 que, como todos los a\u00f1os, \u201cya es costumbre este trabajo integral\u201d donde las instituciones que intervienen, de forma conjunta, \u201chacen tareas extraordinarias, en los distintos barrios, como parte de la lucha contra el mosquito vector de esta enfermedad\u201d.<\/p>\n\n\n\n<p>Y recalc\u00f3 que, en este momento \u201cen el que ya estamos entrando en estos periodos de m\u00e1s calor, incrementamos las tareas para que los vecinos se queden tranquilos porque en Formosa tenemos un Gobierno presente\u201d.<\/p>\n\n\n\n<p>Para cerrar, coment\u00f3, que la Municipalidad tiene distintas \u00e1reas afectadas para este trabajo \u201cel \u00e1rea de servicios p\u00fablicos, de gesti\u00f3n ambiental, de espacios verdes y las diferentes cuadrillas de trabajo que hacen, tanto el descacharrizado de los domicilios como el desmalezado del per\u00edmetro de las calles\u201d.<\/p>\n","protected":false},"excerpt":{"rendered":"<p>Durante el acto reivindicaron el valor y los buenos resultados del trabajo conjunto e integral<\/p>\n","protected":false},"author":8,"featured_media":63070,"comment_status":"closed","ping_status":"closed","sticky":false,"template":"","format":"standard","meta":{"footnotes":""},"categories":[1],"tags":[],"class_list":["post-63069","post","type-post","status-publish","format-standard","has-post-thumbnail","hentry","category-noticias"],"_links":{"self":[{"href":"https:\/\/24formosa.com.ar\/index.php?rest_route=\/wp\/v2\/posts\/63069","targetHints":{"allow":["GET"]}}],"collection":[{"href":"https:\/\/24formosa.com.ar\/index.php?rest_route=\/wp\/v2\/posts"}],"about":[{"href":"https:\/\/24formosa.com.ar\/index.php?rest_route=\/wp\/v2\/types\/post"}],"author":[{"embeddable":true,"href":"https:\/\/24formosa.com.ar\/index.php?rest_route=\/wp\/v2\/users\/8"}],"replies":[{"embeddable":true,"href":"https:\/\/24formosa.com.ar\/index.php?rest_route=%2Fwp%2Fv2%2Fcomments&post=63069"}],"version-history":[{"count":1,"href":"https:\/\/24formosa.com.ar\/index.php?rest_route=\/wp\/v2\/posts\/63069\/revisions"}],"predecessor-version":[{"id":63071,"href":"https:\/\/24formosa.com.ar\/index.php?rest_route=\/wp\/v2\/posts\/63069\/revisions\/63071"}],"wp:featuredmedia":[{"embeddable":true,"href":"https:\/\/24formosa.com.ar\/index.php?rest_route=\/wp\/v2\/media\/63070"}],"wp:attachment":[{"href":"https:\/\/24formosa.com.ar\/index.php?rest_route=%2Fwp%2Fv2%2Fmedia&parent=63069"}],"wp:term":[{"taxonomy":"category","embeddable":true,"href":"https:\/\/24formosa.com.ar\/index.php?rest_route=%2Fwp%2Fv2%2Fcategories&post=63069"},{"taxonomy":"post_tag","embeddable":true,"href":"https:\/\/24formosa.com.ar\/index.php?rest_route=%2Fwp%2Fv2%2Ftags&post=63069"}],"curies":[{"name":"wp","href":"https:\/\/api.w.org\/{rel}","templated":true}]}}