{"id":63062,"date":"2024-10-06T19:53:32","date_gmt":"2024-10-06T22:53:32","guid":{"rendered":"https:\/\/24formosa.com.ar\/?p=63062"},"modified":"2024-10-06T19:53:33","modified_gmt":"2024-10-06T22:53:33","slug":"el-centro-de-salud-del-barrio-san-francisco-festejo-sus-66-anos","status":"publish","type":"post","link":"https:\/\/24formosa.com.ar\/?p=63062","title":{"rendered":"El centro de salud del barrio San Francisco festej\u00f3 sus 66 a\u00f1os"},"content":{"rendered":"\n<p><em>Adem\u00e1s, frente al edificio hubo actividades por el \u201cOctubre Rosa\u201d<\/em><\/p>\n\n\n\n<p>La doctora Julieta D\u00edaz Lorenzo, directora del centro de salud del barrio San Francisco, se refiri\u00f3 al aniversario de la instituci\u00f3n que este viernes 4 celebr\u00f3 junto con la fiesta patronal del barrio de la ciudad de Formosa.<\/p>\n\n\n\n<p>El festejo por los 66 a\u00f1os de vida institucional cont\u00f3 adem\u00e1s con la visita del cami\u00f3n sanitario, con el que se realizaron mamograf\u00edas gratuitas, en el marco de las actividades que impulsa el Gobierno de Formosa, a trav\u00e9s del Ministerio de Desarrollo Humano.<\/p>\n\n\n\n<p>El fin que se persigue es acentuar la concientizaci\u00f3n de la prevenci\u00f3n y la detecci\u00f3n temprana del c\u00e1ncer de mama, al adherir Formosa a la conmemoraci\u00f3n del Mes Rosa, que es desde el 1\u00b0 hasta el 30 de octubre cada a\u00f1o.<\/p>\n\n\n\n<p>De esa manera se celebraron los 66 a\u00f1os del centro de salud que, seg\u00fan record\u00f3 su directora, \u201ccomenz\u00f3 como una salita de primeros auxilios que el padre Pac\u00edfico Scozzina habilit\u00f3 con las hermanas franciscanas para prestar servicios a la gente del barrio\u201d.<\/p>\n\n\n\n<p>Con el paso del tiempo, el centro fue creciendo y se fueron sumando profesionales, como el \u00e1rea de vacunaci\u00f3n. \u201cHoy en d\u00eda cuenta con todas las prestaciones pr\u00e1cticamente\u201d, destac\u00f3.<\/p>\n\n\n\n<figure class=\"wp-block-image\"><a href=\"https:\/\/agenfor.com.ar\/wp-content\/uploads\/2024\/10\/aniversario-centro-de-salud-del-barrio-San-Francisco.jpeg\"><img decoding=\"async\" src=\"https:\/\/agenfor.com.ar\/wp-content\/uploads\/2024\/10\/aniversario-centro-de-salud-del-barrio-San-Francisco-768x1024.jpeg\" alt=\"\" class=\"wp-image-206283\"\/><\/a><\/figure>\n\n\n\n<p>Entre ellas, \u201cobstetricia, pediatr\u00eda, cl\u00ednica, odontolog\u00eda. Se realizan electrocardiogramas, laboratorio. Si bien hay m\u00e9dicos durante el d\u00eda, tambi\u00e9n hay guardia a la noche, por consiguiente, se trabaja de lunes a lunes\u201d, acentu\u00f3 la doctora D\u00edaz Lorenzo.<\/p>\n\n\n\n<p>Por su parte, sobre la realizaci\u00f3n de mamograf\u00edas a trav\u00e9s de los camiones sanitarios que se ubicaron frente al centro de salud, la doctora Sof\u00eda Samudio Godoy, coordinadora del Programa Provincial del C\u00e1ncer de Mama,&nbsp; expres\u00f3 que tuvo mucha demanda y que \u201csuper\u00f3 incluso las expectativas de los cupos que normalmente se asignan a la realizaci\u00f3n de mamograf\u00edas en una jornada que se extendi\u00f3 todo el d\u00eda\u201d.<\/p>\n\n\n\n<p>\u201cEs muy positivo el inter\u00e9s por realizarse el estudio\u201d, sostuvo, atribuy\u00e9ndolo a que a trav\u00e9s de los a\u00f1os \u201chemos logrado un grado de concientizaci\u00f3n muy alto en las mujeres que acuden. No como antes que hab\u00eda muchos temores y tab\u00faes, hoy en d\u00eda ellas se acercan\u201d.<\/p>\n\n\n\n<p>Por todo ello: \u201cEstamos felices, pero tambi\u00e9n hay un trabajo grande del Ministerio de Desarrollo Humano, producto de un Estado presente que provee todos los recursos para poder recorrer lo largo y ancho de toda la provincia, y lleva la herramienta fundamental para la detecci\u00f3n precoz del c\u00e1ncer de mama y el recurso humano para sembrar conciencia\u201d, subray\u00f3 la doctora Samudio Godoy, como as\u00ed tambi\u00e9n \u201cel compromiso de m\u00faltiples organismos que est\u00e1n acompa\u00f1ando al Octubre Rosa\u201d.<\/p>\n","protected":false},"excerpt":{"rendered":"<p>Adem\u00e1s, frente al edificio hubo actividades por el \u201cOctubre Rosa\u201d La doctora Julieta D\u00edaz Lorenzo,<\/p>\n","protected":false},"author":8,"featured_media":63063,"comment_status":"closed","ping_status":"closed","sticky":false,"template":"","format":"standard","meta":{"footnotes":""},"categories":[1],"tags":[],"class_list":["post-63062","post","type-post","status-publish","format-standard","has-post-thumbnail","hentry","category-noticias"],"_links":{"self":[{"href":"https:\/\/24formosa.com.ar\/index.php?rest_route=\/wp\/v2\/posts\/63062","targetHints":{"allow":["GET"]}}],"collection":[{"href":"https:\/\/24formosa.com.ar\/index.php?rest_route=\/wp\/v2\/posts"}],"about":[{"href":"https:\/\/24formosa.com.ar\/index.php?rest_route=\/wp\/v2\/types\/post"}],"author":[{"embeddable":true,"href":"https:\/\/24formosa.com.ar\/index.php?rest_route=\/wp\/v2\/users\/8"}],"replies":[{"embeddable":true,"href":"https:\/\/24formosa.com.ar\/index.php?rest_route=%2Fwp%2Fv2%2Fcomments&post=63062"}],"version-history":[{"count":1,"href":"https:\/\/24formosa.com.ar\/index.php?rest_route=\/wp\/v2\/posts\/63062\/revisions"}],"predecessor-version":[{"id":63064,"href":"https:\/\/24formosa.com.ar\/index.php?rest_route=\/wp\/v2\/posts\/63062\/revisions\/63064"}],"wp:featuredmedia":[{"embeddable":true,"href":"https:\/\/24formosa.com.ar\/index.php?rest_route=\/wp\/v2\/media\/63063"}],"wp:attachment":[{"href":"https:\/\/24formosa.com.ar\/index.php?rest_route=%2Fwp%2Fv2%2Fmedia&parent=63062"}],"wp:term":[{"taxonomy":"category","embeddable":true,"href":"https:\/\/24formosa.com.ar\/index.php?rest_route=%2Fwp%2Fv2%2Fcategories&post=63062"},{"taxonomy":"post_tag","embeddable":true,"href":"https:\/\/24formosa.com.ar\/index.php?rest_route=%2Fwp%2Fv2%2Ftags&post=63062"}],"curies":[{"name":"wp","href":"https:\/\/api.w.org\/{rel}","templated":true}]}}