{"id":63058,"date":"2024-10-06T19:35:26","date_gmt":"2024-10-06T22:35:26","guid":{"rendered":"https:\/\/24formosa.com.ar\/?p=63058"},"modified":"2024-10-06T19:36:14","modified_gmt":"2024-10-06T22:36:14","slug":"sandoval-sobre-la-expo-herramientas-2024-sera-un-gran-despliegue-para-que-el-formoseno-conozca-sobre-nuevas-herramientas-y-tecnologias","status":"publish","type":"post","link":"https:\/\/24formosa.com.ar\/?p=63058","title":{"rendered":"Sandoval sobre la Expo Herramientas 2024: \u201cSer\u00e1 un gran despliegue para que el formose\u00f1o conozca sobre nuevas herramientas y tecnolog\u00edas\u201d"},"content":{"rendered":"\n<p><em>Realizaron la avant premier de la \u201cExpo Herramientas 2024\u201d, evento que se vivir\u00e1 los d\u00edas 15, 16 y 17 de noviembre en la ciudad de Formosa, con una importante exposici\u00f3n de lo \u00faltimo en tecnolog\u00eda, herramientas y soluciones innovadoras para el desarrollo de la industria local y regional.<\/em><\/p>\n\n\n\n<p>En la presentaci\u00f3n estuvieron presentes destacados empresarios del sector, como representantes de&nbsp;Rom\u00e1n Ferreter\u00eda y Pinturer\u00eda, Bufil SRL, Rol\u00f3n Motosierras y NEA Refrigeraciones.<\/p>\n\n\n\n<p>Al respecto, el subsecretario de Empleo, Rodrigo Sandoval, explic\u00f3 que \u201cen esta expo herramientas se van a conjugar comercios de empresas locales, como Bufil SRL, NEA Refrigeraciones, Rom\u00e1n Ferreter\u00eda y Rol\u00f3n Motosierras con otras reconocidas como son Sinteplast, Bremen, L\u00fcsqtoffsto\u201d.<\/p>\n\n\n\n<p>\u201cSer\u00e1 un gran despliegue para que el formose\u00f1o conozca sobre las nuevas herramientas y tecnolog\u00edas\u201d, destac\u00f3, y a\u00f1adi\u00f3 que tambi\u00e9n \u201cser\u00e1 un v\u00ednculo m\u00e1s cercano con su proveedor\u201d.<\/p>\n\n\n\n<p>Asimismo, anticip\u00f3 que habr\u00e1 capacitaciones de especialistas que traer\u00e1n las marcas nacionales. \u201cVamos a tener un evento de gran envergadura acompa\u00f1ado de emprendedores locales\u201d, resalt\u00f3.<\/p>\n\n\n\n<figure class=\"wp-block-image\"><a href=\"https:\/\/agenfor.com.ar\/wp-content\/uploads\/2024\/10\/Avant-Expo-Herramientas-2024-2.jpg\"><img decoding=\"async\" src=\"https:\/\/agenfor.com.ar\/wp-content\/uploads\/2024\/10\/Avant-Expo-Herramientas-2024-2-1024x768.jpg\" alt=\"\" class=\"wp-image-206289\"\/><\/a><\/figure>\n\n\n\n<p>En este sentido, hizo saber que \u201cantes del lanzamiento nos hemos reunido con comerciantes empresarios del sector y hablamos de lo importante de trabajar para el rubro, sobre todo para ese trabajador de oficio manual que hoy no est\u00e1 en las mismas condiciones y que hay que seguir potenciando y profesionaliz\u00e1ndolo\u201d.<\/p>\n\n\n\n<p>\u201cEs por eso que hacemos esto\u201d, manifest\u00f3, a\u00f1adiendo que \u201cvan a venir m\u00e1s actividades que permitir\u00e1n que ellos se sigan promocionando y sobre todo para que el pueblo formose\u00f1o pueda tener un servicio de mejor calidad\u201d.<\/p>\n\n\n\n<p>&nbsp;Adem\u00e1s, valor\u00f3 que \u201ces la primera vez que se va a realizar en la provincia y esperemos que no sea la \u00faltima, sino que la pr\u00f3xima tenga un alcance a nivel regional, invitando a la Rep\u00fablica del Paraguay\u201d.<\/p>\n\n\n\n<p>Al concluir, subray\u00f3 que \u201cla Subsecretar\u00eda de Empleo, como siempre lo hizo el gobernador Gildo Insfr\u00e1n, tiene que estar presente para generar esa seguridad, seguir generando calidad y obviamente las condiciones para que el trabajador viva mejor\u201d.<\/p>\n","protected":false},"excerpt":{"rendered":"<p>Realizaron la avant premier de la \u201cExpo Herramientas 2024\u201d, evento que se vivir\u00e1 los d\u00edas<\/p>\n","protected":false},"author":8,"featured_media":63059,"comment_status":"closed","ping_status":"closed","sticky":false,"template":"","format":"standard","meta":{"footnotes":""},"categories":[1],"tags":[],"class_list":["post-63058","post","type-post","status-publish","format-standard","has-post-thumbnail","hentry","category-noticias"],"_links":{"self":[{"href":"https:\/\/24formosa.com.ar\/index.php?rest_route=\/wp\/v2\/posts\/63058","targetHints":{"allow":["GET"]}}],"collection":[{"href":"https:\/\/24formosa.com.ar\/index.php?rest_route=\/wp\/v2\/posts"}],"about":[{"href":"https:\/\/24formosa.com.ar\/index.php?rest_route=\/wp\/v2\/types\/post"}],"author":[{"embeddable":true,"href":"https:\/\/24formosa.com.ar\/index.php?rest_route=\/wp\/v2\/users\/8"}],"replies":[{"embeddable":true,"href":"https:\/\/24formosa.com.ar\/index.php?rest_route=%2Fwp%2Fv2%2Fcomments&post=63058"}],"version-history":[{"count":1,"href":"https:\/\/24formosa.com.ar\/index.php?rest_route=\/wp\/v2\/posts\/63058\/revisions"}],"predecessor-version":[{"id":63061,"href":"https:\/\/24formosa.com.ar\/index.php?rest_route=\/wp\/v2\/posts\/63058\/revisions\/63061"}],"wp:featuredmedia":[{"embeddable":true,"href":"https:\/\/24formosa.com.ar\/index.php?rest_route=\/wp\/v2\/media\/63059"}],"wp:attachment":[{"href":"https:\/\/24formosa.com.ar\/index.php?rest_route=%2Fwp%2Fv2%2Fmedia&parent=63058"}],"wp:term":[{"taxonomy":"category","embeddable":true,"href":"https:\/\/24formosa.com.ar\/index.php?rest_route=%2Fwp%2Fv2%2Fcategories&post=63058"},{"taxonomy":"post_tag","embeddable":true,"href":"https:\/\/24formosa.com.ar\/index.php?rest_route=%2Fwp%2Fv2%2Ftags&post=63058"}],"curies":[{"name":"wp","href":"https:\/\/api.w.org\/{rel}","templated":true}]}}