{"id":63055,"date":"2024-10-06T19:32:51","date_gmt":"2024-10-06T22:32:51","guid":{"rendered":"https:\/\/24formosa.com.ar\/?p=63055"},"modified":"2024-10-06T19:32:51","modified_gmt":"2024-10-06T22:32:51","slug":"zambon-supedito-la-situacion-del-rio-paraguay-a-la-llegada-de-nuevos-frentes-de-tormenta-a-la-region","status":"publish","type":"post","link":"https:\/\/24formosa.com.ar\/?p=63055","title":{"rendered":"Zamb\u00f3n supedit\u00f3 la situaci\u00f3n del r\u00edo Paraguay a la llegada de nuevos frentes de tormenta a la regi\u00f3n"},"content":{"rendered":"\n<p><em>El coordinador ejecutivo de la Unidad Provincial Coordinadora del Agua (UPCA), el ingeniero Horacio Zamb\u00f3n, se refiri\u00f3 a la bajante pronunciada que experimenta el r\u00edo Paraguay en toda la extensi\u00f3n de la cuenca territorial conformada por Brasil, Paraguay y Argentina. La situaci\u00f3n no se modificar\u00e1 hasta la llegada de nuevos frentes de tormenta, anticip\u00f3.<\/em><\/p>\n\n\n\n<p>En declaraciones que brind\u00f3 a la&nbsp;<strong><em>Agencia de Noticias Formosa&nbsp;<\/em><\/strong>(AGENFOR) record\u00f3 que Bah\u00eda Negra, punto emblem\u00e1tico de referencia para la zona de El Pantanal, para la salida de toda esa gran masa h\u00eddrica, tambi\u00e9n se encuentra en proceso de bajante, al igual que los puertos: Margarita, Vallem\u00ed, Concepci\u00f3n, Antequera, Rosario, Asunci\u00f3n, Villeta, Pilcomayo y Formosa. \u201cO sea, todo el litoral fluvial que nos compete tambi\u00e9n se encuentra en plena bajante\u201d, grafic\u00f3.<\/p>\n\n\n\n<p>Al analizar la lectura hidrom\u00e9trica en costas de la ciudad de Formosa, dijo que se ubica en 41 cent\u00edmetros negativo en la zona de El Mirador, de la Costanera, una tendencia que se mantiene estable en los \u00faltimos d\u00edas.<\/p>\n\n\n\n<figure class=\"wp-block-image\"><a href=\"https:\/\/agenfor.com.ar\/wp-content\/uploads\/2024\/10\/Horacio-Zambon0310.jpeg\"><img decoding=\"async\" src=\"https:\/\/agenfor.com.ar\/wp-content\/uploads\/2024\/10\/Horacio-Zambon0310-1024x682.jpeg\" alt=\"\" class=\"wp-image-206201\"\/><\/a><figcaption class=\"wp-element-caption\">Ingeniero Horacio Zamb\u00f3n<\/figcaption><\/figure>\n\n\n\n<p><br>\u201cEso hace que dentro de unos d\u00edas, de acuerdo a los registros que estamos viendo tanto en (los puertos) de Villeta como en Asunci\u00f3n, inclusive con valores de descenso de pr\u00e1cticamente entre cuatro, cinco o seis cent\u00edmetros por d\u00eda en los \u00faltimos d\u00edas, seguramente se ver\u00e1n reflejados en nuestra ciudad capital\u201d, anticip\u00f3.<\/p>\n\n\n\n<p>Refiri\u00f3 el funcionario que es permanente la comunicaci\u00f3n con el Instituto Nacional del Agua (INA), a trav\u00e9s del ingeniero Juan Borus para intercambiar informaci\u00f3n no s\u00f3lo local, sino tambi\u00e9n internacional con Brasil y con Paraguay.<\/p>\n\n\n\n<p>Al analizar la situaci\u00f3n h\u00eddrica, aclar\u00f3 que todo depender\u00e1 de las tormentas que puedan ocurrir en la zona, aunque advirti\u00f3 que en la alta cuenca no \u201ctenemos presencia de tormentas significativas, que puedan revertir en el corto plazo este sistema\u201d.<\/p>\n\n\n\n<p>Zamb\u00f3n estableci\u00f3 una comparaci\u00f3n con lo ocurrido en el a\u00f1o 2020, cuando el r\u00edo Paraguay tuvo un comportamiento similar al actual, al se\u00f1alar que en aquel a\u00f1o los valores hidrom\u00e9tricos actuales se dieron reci\u00e9n a finales del mes de octubre.<\/p>\n\n\n\n<p>\u201cEl 15 de octubre de 2020 fue el primer frente de tormenta que vino y luego con una frecuencia pr\u00e1cticamente de una semana suced\u00eda casi siempre un frente de tormenta. Lo mismo estar\u00eda pasando ahora, pero con un mes anticipado tambi\u00e9n\u201d, detall\u00f3.<\/p>\n\n\n\n<p>\u201cSi es as\u00ed y con una presencia de un frente de tormenta, podr\u00eda llegar a revitalizarse en cierta manera o mantenerse este sistema que estamos teniendo hasta ahora, hasta esperar mejores precipitaciones que podr\u00edan ser noviembre o diciembre\u201d, anticip\u00f3.<\/p>\n","protected":false},"excerpt":{"rendered":"<p>El coordinador ejecutivo de la Unidad Provincial Coordinadora del Agua (UPCA), el ingeniero Horacio Zamb\u00f3n,<\/p>\n","protected":false},"author":8,"featured_media":63056,"comment_status":"closed","ping_status":"closed","sticky":false,"template":"","format":"standard","meta":{"footnotes":""},"categories":[1],"tags":[],"class_list":["post-63055","post","type-post","status-publish","format-standard","has-post-thumbnail","hentry","category-noticias"],"_links":{"self":[{"href":"https:\/\/24formosa.com.ar\/index.php?rest_route=\/wp\/v2\/posts\/63055","targetHints":{"allow":["GET"]}}],"collection":[{"href":"https:\/\/24formosa.com.ar\/index.php?rest_route=\/wp\/v2\/posts"}],"about":[{"href":"https:\/\/24formosa.com.ar\/index.php?rest_route=\/wp\/v2\/types\/post"}],"author":[{"embeddable":true,"href":"https:\/\/24formosa.com.ar\/index.php?rest_route=\/wp\/v2\/users\/8"}],"replies":[{"embeddable":true,"href":"https:\/\/24formosa.com.ar\/index.php?rest_route=%2Fwp%2Fv2%2Fcomments&post=63055"}],"version-history":[{"count":1,"href":"https:\/\/24formosa.com.ar\/index.php?rest_route=\/wp\/v2\/posts\/63055\/revisions"}],"predecessor-version":[{"id":63057,"href":"https:\/\/24formosa.com.ar\/index.php?rest_route=\/wp\/v2\/posts\/63055\/revisions\/63057"}],"wp:featuredmedia":[{"embeddable":true,"href":"https:\/\/24formosa.com.ar\/index.php?rest_route=\/wp\/v2\/media\/63056"}],"wp:attachment":[{"href":"https:\/\/24formosa.com.ar\/index.php?rest_route=%2Fwp%2Fv2%2Fmedia&parent=63055"}],"wp:term":[{"taxonomy":"category","embeddable":true,"href":"https:\/\/24formosa.com.ar\/index.php?rest_route=%2Fwp%2Fv2%2Fcategories&post=63055"},{"taxonomy":"post_tag","embeddable":true,"href":"https:\/\/24formosa.com.ar\/index.php?rest_route=%2Fwp%2Fv2%2Ftags&post=63055"}],"curies":[{"name":"wp","href":"https:\/\/api.w.org\/{rel}","templated":true}]}}