{"id":63048,"date":"2024-10-06T19:24:09","date_gmt":"2024-10-06T22:24:09","guid":{"rendered":"https:\/\/24formosa.com.ar\/?p=63048"},"modified":"2024-10-06T19:24:10","modified_gmt":"2024-10-06T22:24:10","slug":"insfran-nuestro-accionar-es-siempre-para-adelante-con-el-pueblo-unido","status":"publish","type":"post","link":"https:\/\/24formosa.com.ar\/?p=63048","title":{"rendered":"Insfr\u00e1n: \u201cNuestro accionar es siempre para adelante, con el pueblo unido\u201d"},"content":{"rendered":"\n<p><em>Al presidir el acto por el D\u00eda del Camino y del Trabajador Vial, el gobernador de Formosa, Gildo Insfr\u00e1n, celebr\u00f3 la importancia de la instituci\u00f3n para la integraci\u00f3n de los pueblos y el desarrollo de la provincia, enfatizando que ante la complicada situaci\u00f3n nacional, \u201ctenemos que levantar m\u00e1s alto todav\u00eda las banderas de la justicia social, la independencia econ\u00f3mica y la soberan\u00eda pol\u00edtica\u201d.<\/em><\/p>\n\n\n\n<p>\u201cVialidad es una instituci\u00f3n se\u00f1era para la integraci\u00f3n de los pueblos, la formaci\u00f3n en serio de una provincia y para tener una comunidad integrada\u201d, subray\u00f3 el primer mandatario, en declaraciones recogidas por la&nbsp;<strong><em>Agencia de Noticias Formosa (AGENFOR).<\/em><\/strong><\/p>\n\n\n\n<p>Luego, se hizo eco de una de las canciones m\u00e1s conocidas de Joan Manuel Serrat, dedicada al poeta Antonio Machado, que lleva el t\u00edtulo \u201cCantares\u201d y cuyas estrofas rezan:&nbsp;<em>\u201cCaminante no hay camino, se hace camino al andar\u201d.&nbsp;<\/em>\u201cY ese es el lema de Vialidad\u201d, destac\u00f3 Insfr\u00e1n, al recordar que \u201ccuando empez\u00f3 no exist\u00edan los distritos, solamente los campamentos viales, que de acuerdo a las necesidades iban de un lugar a otro\u201d.<\/p>\n\n\n\n<p>\u201cHoy est\u00e1n ya m\u00e1s organizados institucionalmente, tienen sus distritos\u201d, como as\u00ed tambi\u00e9n \u201cmuchos kil\u00f3metros de nuestras rutas provinciales pavimentadas\u201d en todo el territorio formose\u00f1o, merced al Acta de Reparaci\u00f3n Hist\u00f3rica del 2003, suscrita entre el Gobernador y el expresidente N\u00e9stor Kirchner. &nbsp;<\/p>\n\n\n\n<p>En cuanto al equipamiento vial, marc\u00f3, a su vez, que \u201cya no solamente necesitamos de motoniveladoras, sino de otros aparatos e instrumentos para hacer el mantenimiento que hoy est\u00e1n realizando con mucha eficiencia sobre las distintas rutas, especialmente sobre la 1, la 2 y la 3\u201d.<\/p>\n\n\n\n<p>En este punto, anunci\u00f3 que \u201cvamos a continuar equipando a Vialidad Provincial con las m\u00e1quinas y herramientas acordes a las necesidades actuales, para la ejecuci\u00f3n y el mantenimiento de nuestra red vial\u201d.<\/p>\n\n\n\n<figure class=\"wp-block-image\"><a href=\"https:\/\/agenfor.com.ar\/wp-content\/uploads\/2024\/10\/Gildo_Insfran_DPV-1.jpg\"><img decoding=\"async\" src=\"https:\/\/agenfor.com.ar\/wp-content\/uploads\/2024\/10\/Gildo_Insfran_DPV-1-1024x682.jpg\" alt=\"\" class=\"wp-image-206344\"\/><\/a><\/figure>\n\n\n\n<p><strong>\u00c1mbito de hermandad<\/strong><\/p>\n\n\n\n<p>Seguidamente, el titular del Ejecutivo Provincial puso en valor \u201cel \u00e1mbito de hermandad y compa\u00f1erismo\u201d de los trabajadores vialeros, recalcando que \u201ces el que debemos tener en todas las instituciones para fortalecer lo que es la comunidad organizada\u201d.<\/p>\n\n\n\n<p>\u201cNo importa qu\u00e9 Gobierno tengamos a nivel nacional \u2013afirm\u00f3-. No debemos bajar los brazos bajo ning\u00fan punto de vista. Tenemos que levantar m\u00e1s alto todav\u00eda las banderas de la justicia social, la independencia econ\u00f3mica y la soberan\u00eda pol\u00edtica\u201d.<\/p>\n\n\n\n<p>Subray\u00f3 que Formosa \u201ces una provincia joven, peque\u00f1a, pero con convicciones firmes y eso nos hace grandes\u201d, motivo por el cual \u201clas grandes provincias nos respetan\u201d.<\/p>\n\n\n\n<p>Y tambi\u00e9n porque \u201cretroceder, para nosotros, simplemente es una palabra que est\u00e1 en el diccionario. Nuestro accionar es siempre para adelante, con la mirada y el pueblo unido\u201d, culmin\u00f3.<\/p>\n","protected":false},"excerpt":{"rendered":"<p>Al presidir el acto por el D\u00eda del Camino y del Trabajador Vial, el gobernador<\/p>\n","protected":false},"author":8,"featured_media":63050,"comment_status":"closed","ping_status":"closed","sticky":false,"template":"","format":"standard","meta":{"footnotes":""},"categories":[1],"tags":[],"class_list":["post-63048","post","type-post","status-publish","format-standard","has-post-thumbnail","hentry","category-noticias"],"_links":{"self":[{"href":"https:\/\/24formosa.com.ar\/index.php?rest_route=\/wp\/v2\/posts\/63048","targetHints":{"allow":["GET"]}}],"collection":[{"href":"https:\/\/24formosa.com.ar\/index.php?rest_route=\/wp\/v2\/posts"}],"about":[{"href":"https:\/\/24formosa.com.ar\/index.php?rest_route=\/wp\/v2\/types\/post"}],"author":[{"embeddable":true,"href":"https:\/\/24formosa.com.ar\/index.php?rest_route=\/wp\/v2\/users\/8"}],"replies":[{"embeddable":true,"href":"https:\/\/24formosa.com.ar\/index.php?rest_route=%2Fwp%2Fv2%2Fcomments&post=63048"}],"version-history":[{"count":1,"href":"https:\/\/24formosa.com.ar\/index.php?rest_route=\/wp\/v2\/posts\/63048\/revisions"}],"predecessor-version":[{"id":63051,"href":"https:\/\/24formosa.com.ar\/index.php?rest_route=\/wp\/v2\/posts\/63048\/revisions\/63051"}],"wp:featuredmedia":[{"embeddable":true,"href":"https:\/\/24formosa.com.ar\/index.php?rest_route=\/wp\/v2\/media\/63050"}],"wp:attachment":[{"href":"https:\/\/24formosa.com.ar\/index.php?rest_route=%2Fwp%2Fv2%2Fmedia&parent=63048"}],"wp:term":[{"taxonomy":"category","embeddable":true,"href":"https:\/\/24formosa.com.ar\/index.php?rest_route=%2Fwp%2Fv2%2Fcategories&post=63048"},{"taxonomy":"post_tag","embeddable":true,"href":"https:\/\/24formosa.com.ar\/index.php?rest_route=%2Fwp%2Fv2%2Ftags&post=63048"}],"curies":[{"name":"wp","href":"https:\/\/api.w.org\/{rel}","templated":true}]}}