{"id":63044,"date":"2024-10-03T21:11:17","date_gmt":"2024-10-04T00:11:17","guid":{"rendered":"https:\/\/24formosa.com.ar\/?p=63044"},"modified":"2024-10-03T21:11:18","modified_gmt":"2024-10-04T00:11:18","slug":"el-gobernador-insfran-saludo-a-los-odontologos-en-su-dia","status":"publish","type":"post","link":"https:\/\/24formosa.com.ar\/?p=63044","title":{"rendered":"El gobernador Insfr\u00e1n salud\u00f3 a los odont\u00f3logos en su d\u00eda"},"content":{"rendered":"\n<p><em>Con motivo del D\u00eda del Odont\u00f3logo, que se celebra cada 3 de octubre, el gobernador de Formosa, Gildo Insfr\u00e1n, salud\u00f3 a los profesionales de esta rama de la salud.<\/em><\/p>\n\n\n\n<p>\u201cEnv\u00edo un saludo muy especial a todos los odont\u00f3logos y las odont\u00f3logas, quienes con mucho profesionalismo y compromiso prestan un servicio de salud muy importante en todo el territorio provincial\u201d, subray\u00f3 el primer mandatario provincial.<\/p>\n\n\n\n<p>La fecha surge como un homenaje al d\u00eda de 1917, por la conformaci\u00f3n de la Federaci\u00f3n Odontol\u00f3gica Latinoamericana (FOLA) en Santiago de Chile, cuando unos profesionales se reunieron para debatir algunos aspectos claves relacionados con esta profesi\u00f3n que cuida la salud bucal y, de esta forma, la salud de las personas.<\/p>\n\n\n\n<p>Casi una d\u00e9cada m\u00e1s tarde, en 1925, en el segundo Congreso de FOLA realizado en la Ciudad de Buenos Aires, el delegado argentino Ra\u00fal Loustal\u00e1n propuso que el 3 de octubre fuera la fecha oficial para celebrar el D\u00eda de la Odontolog\u00eda en Latinoam\u00e9rica.<\/p>\n","protected":false},"excerpt":{"rendered":"<p>Con motivo del D\u00eda del Odont\u00f3logo, que se celebra cada 3 de octubre, el gobernador<\/p>\n","protected":false},"author":8,"featured_media":63045,"comment_status":"closed","ping_status":"closed","sticky":false,"template":"","format":"standard","meta":{"footnotes":""},"categories":[1],"tags":[],"class_list":["post-63044","post","type-post","status-publish","format-standard","has-post-thumbnail","hentry","category-noticias"],"_links":{"self":[{"href":"https:\/\/24formosa.com.ar\/index.php?rest_route=\/wp\/v2\/posts\/63044","targetHints":{"allow":["GET"]}}],"collection":[{"href":"https:\/\/24formosa.com.ar\/index.php?rest_route=\/wp\/v2\/posts"}],"about":[{"href":"https:\/\/24formosa.com.ar\/index.php?rest_route=\/wp\/v2\/types\/post"}],"author":[{"embeddable":true,"href":"https:\/\/24formosa.com.ar\/index.php?rest_route=\/wp\/v2\/users\/8"}],"replies":[{"embeddable":true,"href":"https:\/\/24formosa.com.ar\/index.php?rest_route=%2Fwp%2Fv2%2Fcomments&post=63044"}],"version-history":[{"count":1,"href":"https:\/\/24formosa.com.ar\/index.php?rest_route=\/wp\/v2\/posts\/63044\/revisions"}],"predecessor-version":[{"id":63046,"href":"https:\/\/24formosa.com.ar\/index.php?rest_route=\/wp\/v2\/posts\/63044\/revisions\/63046"}],"wp:featuredmedia":[{"embeddable":true,"href":"https:\/\/24formosa.com.ar\/index.php?rest_route=\/wp\/v2\/media\/63045"}],"wp:attachment":[{"href":"https:\/\/24formosa.com.ar\/index.php?rest_route=%2Fwp%2Fv2%2Fmedia&parent=63044"}],"wp:term":[{"taxonomy":"category","embeddable":true,"href":"https:\/\/24formosa.com.ar\/index.php?rest_route=%2Fwp%2Fv2%2Fcategories&post=63044"},{"taxonomy":"post_tag","embeddable":true,"href":"https:\/\/24formosa.com.ar\/index.php?rest_route=%2Fwp%2Fv2%2Ftags&post=63044"}],"curies":[{"name":"wp","href":"https:\/\/api.w.org\/{rel}","templated":true}]}}