{"id":59310,"date":"2024-03-01T22:17:48","date_gmt":"2024-03-02T01:17:48","guid":{"rendered":"https:\/\/24formosa.com.ar\/?p=59310"},"modified":"2024-03-01T22:17:48","modified_gmt":"2024-03-02T01:17:48","slug":"formosa-inicio-este-viernes-la-aplicacion-de-la-vacuna-contra-el-virus-sincitial-respiratorio-para-embarazadas","status":"publish","type":"post","link":"https:\/\/24formosa.com.ar\/?p=59310","title":{"rendered":"Formosa inici\u00f3 este viernes la aplicaci\u00f3n de la vacuna contra el Virus Sincitial Respiratorio para embarazadas"},"content":{"rendered":"\n<p><em>En simult\u00e1neo con el resto de las provincias y en todo el territorio formose\u00f1o, tanto en la capital como en el interior.<\/em><\/p>\n\n\n\n<p>Este viernes 1\u00ba de marzo, el Hospital de la Madre y el Ni\u00f1o fue sede del lanzamiento de la vacunaci\u00f3n VSR para embarazadas, una nueva vacuna incorporada al Calendario Nacional desde fines de 2023 y que, a partir de este a\u00f1o, comienza su aplicaci\u00f3n.<\/p>\n\n\n\n<p>En la ocasi\u00f3n, estuvieron presentes, el subsecretario de Medicina Sanitaria, el doctor Manuel C\u00e1ceres; la subsecretaria de Gesti\u00f3n de Establecimientos Asistenciales de Complejidad Integrada, la doctora Eugenia Ruiz; el jefe del Departamento de Inmunizaciones del Ministerio de Desarrollo Humano, el licenciado Julio Arroyo; el director asociado del Hospital de la Madre y el Ni\u00f1o, el doctor N\u00e9stor Galv\u00e1n, directores de distintas \u00e1reas y jefes de servicio de ese nosocomio.<\/p>\n\n\n\n<p>Durante sus palabras, el subsecretario C\u00e1ceres indic\u00f3 que \u201ces un orgullo pertenecer a una provincia que tiene un gobierno que se preocupa y ocupa de cuidar de la salud de todos sus habitantes\u201d.<\/p>\n\n\n\n<p>Remarc\u00f3, asimismo, que es tambi\u00e9n un gran orgullo que el lanzamiento de la nueva vacuna se haya llevado a cabo en el Hospital de la Madre y el Ni\u00f1o \u201cya que es pionero en dar una atenci\u00f3n de excelencia para las ni\u00f1as y ni\u00f1os reci\u00e9n nacidos y, de igual modo, para las embarazadas\u201d.<\/p>\n\n\n\n<figure class=\"wp-block-image\"><a href=\"https:\/\/agenfor.com.ar\/wp-content\/uploads\/2024\/03\/Formosa-inicio-la-aplicacion-de-la-vacuna-VSR-para-embarazadas.jpeg\"><img decoding=\"async\" src=\"https:\/\/agenfor.com.ar\/wp-content\/uploads\/2024\/03\/Formosa-inicio-la-aplicacion-de-la-vacuna-VSR-para-embarazadas-771x1024.jpeg\" alt=\"\" class=\"wp-image-183367\"\/><\/a><\/figure>\n\n\n\n<p>En ese sentido, explic\u00f3 que hoy \u201ca nivel nacional y en todo el territorio de nuestra provincia, se est\u00e1 dando inicio a la aplicaci\u00f3n de la vacuna contra el Virus Sincitial Respiratorio que, justamente, viene a proteger y a salvaguardar la vida de los reci\u00e9n nacidos y de estas mam\u00e1s que a partir de la fecha ya comenzaron a recibirla\u201d.<\/p>\n\n\n\n<p>Record\u00f3 que una forma de inmunidad para el beb\u00e9 es la leche materna, \u201cpor eso, como equipo de salud, somos fervientes promotores de la lactancia materna como alimentaci\u00f3n exclusiva durante los primeros seis meses de vida\u201d.<\/p>\n\n\n\n<p>Y mencion\u00f3, que la otra forma de inmunidad es la trasplacentaria, es decir, \u201ccon los anticuerpos que le brinda la mam\u00e1 a su hijo o hija por medio de la placenta y que lo va a resguardar, sobre todo, durante los primeros seis meses e inclusive, hasta el a\u00f1o de vida\u201d.<\/p>\n\n\n\n<p>Dej\u00f3 en claro que la VSR \u201cno es una vacuna improvisada\u201d, ya que para su implementaci\u00f3n fueron hechos muchos estudios previos, que evidenciaron \u201cque entre las 32 y las 36 semanas es la etapa m\u00e1s \u00f3ptima de la gestaci\u00f3n para su aplicaci\u00f3n, ya que es el momento en el que la<\/p>\n\n\n\n<p><strong>Seguir bajando la tasa de mortalidad infantil durante el 2024<\/strong><\/p>\n\n\n\n<p>Hizo notar, que al igual que el resto de las vacunas que se encuentran dentro del Calendario de Vacunaci\u00f3n, esta tambi\u00e9n tiene sus costos \u201cpero gracias a la gesti\u00f3n de nuestro se\u00f1or Gobernador, Gildo Insfr\u00e1n, que tom\u00f3 una vez m\u00e1s la acertada decisi\u00f3n de incorporarla, las embarazadas pueden acceder a su aplicaci\u00f3n de manera gratuita\u201d.<\/p>\n\n\n\n<p>Seguidamente, el m\u00e9dico pediatra record\u00f3 que el Virus Sincitial Respiratorio es causante de enfermedades como bronquiolitis y neumon\u00eda. \u201cY esta vacuna otorga inmunidad contra esas dos enfermedades que ocasionan 3.300.000 infecciones en todo el mundo, situaci\u00f3n a la que nuestro pa\u00eds no es ajeno\u201d.<\/p>\n\n\n\n<p>En tanto, dio a conocer, que la mayor circulaci\u00f3n de ese virus\u201cse produce cada a\u00f1o durante el invierno\u201d. Por lo tanto, \u201cla estrategia de que la aplicaci\u00f3n de la vacuna comience en marzo, est\u00e1 pensada para que cuando tengamos la circulaci\u00f3n m\u00e1s alta, las ni\u00f1as y los ni\u00f1os que nacen pr\u00f3ximos a la estaci\u00f3n m\u00e1s fr\u00eda del a\u00f1o o durante la misma, ya est\u00e9n protegidos mediante los anticuerpos que recibieron por medio de la placenta de su mam\u00e1\u201d.<\/p>\n\n\n\n<p><strong>Instan a las embarazadas a concurrir al vacunatorio m\u00e1s cercano al domicilio<\/strong><\/p>\n\n\n\n<p>En la misma l\u00ednea, el licenciado Arroyo expres\u00f3 que el lanzamiento de la nueva vacuna \u201cpretende concientizar a toda la comunidad, a las familias y principalmente a las embarazadas, que si se encuentran entre las semanas 32 y 36 de gestaci\u00f3n, desde el 1\u00ba de marzo y hasta el 31 de julio, deben concurrir al centro de salud, hospital o vacunatorio m\u00e1s pr\u00f3ximo a su domicilio para recibir esta vacuna gratuita destinada a prevenir las enfermedades respiratorias causadas por el Virus Sincitial Respiratorio\u201d.<\/p>\n\n\n\n<p>Destac\u00f3 que la vacunaci\u00f3n tiene por objetivo \u201cque los lactantes pueden hacerle frente al VSR, virus que en la Argentina es la principal causa de insuficiencia respiratoria aguda baja y neumon\u00eda en este grupo de ni\u00f1as y ni\u00f1os. Por eso es primordial, preponderante y fundamental\u201d insisti\u00f3 el funcionario \u201cque todas las embarazadas reciban esta vacuna que es de una sola dosis\u201d.<\/p>\n","protected":false},"excerpt":{"rendered":"<p>En simult\u00e1neo con el resto de las provincias y en todo el territorio formose\u00f1o, tanto<\/p>\n","protected":false},"author":8,"featured_media":59311,"comment_status":"closed","ping_status":"closed","sticky":false,"template":"","format":"standard","meta":{"footnotes":""},"categories":[1],"tags":[],"class_list":["post-59310","post","type-post","status-publish","format-standard","has-post-thumbnail","hentry","category-noticias"],"_links":{"self":[{"href":"https:\/\/24formosa.com.ar\/index.php?rest_route=\/wp\/v2\/posts\/59310","targetHints":{"allow":["GET"]}}],"collection":[{"href":"https:\/\/24formosa.com.ar\/index.php?rest_route=\/wp\/v2\/posts"}],"about":[{"href":"https:\/\/24formosa.com.ar\/index.php?rest_route=\/wp\/v2\/types\/post"}],"author":[{"embeddable":true,"href":"https:\/\/24formosa.com.ar\/index.php?rest_route=\/wp\/v2\/users\/8"}],"replies":[{"embeddable":true,"href":"https:\/\/24formosa.com.ar\/index.php?rest_route=%2Fwp%2Fv2%2Fcomments&post=59310"}],"version-history":[{"count":1,"href":"https:\/\/24formosa.com.ar\/index.php?rest_route=\/wp\/v2\/posts\/59310\/revisions"}],"predecessor-version":[{"id":59312,"href":"https:\/\/24formosa.com.ar\/index.php?rest_route=\/wp\/v2\/posts\/59310\/revisions\/59312"}],"wp:featuredmedia":[{"embeddable":true,"href":"https:\/\/24formosa.com.ar\/index.php?rest_route=\/wp\/v2\/media\/59311"}],"wp:attachment":[{"href":"https:\/\/24formosa.com.ar\/index.php?rest_route=%2Fwp%2Fv2%2Fmedia&parent=59310"}],"wp:term":[{"taxonomy":"category","embeddable":true,"href":"https:\/\/24formosa.com.ar\/index.php?rest_route=%2Fwp%2Fv2%2Fcategories&post=59310"},{"taxonomy":"post_tag","embeddable":true,"href":"https:\/\/24formosa.com.ar\/index.php?rest_route=%2Fwp%2Fv2%2Ftags&post=59310"}],"curies":[{"name":"wp","href":"https:\/\/api.w.org\/{rel}","templated":true}]}}