{"id":59295,"date":"2024-02-28T21:16:49","date_gmt":"2024-02-29T00:16:49","guid":{"rendered":"https:\/\/24formosa.com.ar\/?p=59295"},"modified":"2024-02-28T21:16:50","modified_gmt":"2024-02-29T00:16:50","slug":"cordoba-participo-de-una-nueva-asamblea-de-cofetra","status":"publish","type":"post","link":"https:\/\/24formosa.com.ar\/?p=59295","title":{"rendered":"C\u00f3rdoba particip\u00f3 de una nueva asamblea de COFETRA"},"content":{"rendered":"\n<p><em>El director de Transporte de la provincia, el doctor Pablo C\u00f3rdoba, coment\u00f3 sobre el encuentro del Comit\u00e9 Federal de Transporte (COFETRA) que se realiz\u00f3 el pasado jueves 22 de febrero en la ciudad de La Plata, en donde participaron las autoridades de transportes de las 21 provincias del pa\u00eds.<\/em><\/p>\n\n\n\n<p>En di\u00e1logo con AGENFOR, detall\u00f3 que \u201c17 referentes asistieron de manera presencial, mientras que los cuatro restantes a trav\u00e9s de videollamadas\u201d y asegur\u00f3 que se trat\u00f3 de \u201cun encuentro muy importante\u201d.<\/p>\n\n\n\n<p>\u201cHemos abordado la dif\u00edcil situaci\u00f3n que atraviesa el transporte en todo el pa\u00eds, tal como ocurri\u00f3 hace unas semanas atr\u00e1s en la ciudad de Formosa, situaci\u00f3n que se est\u00e1 replicando en el territorio nacional\u201d, ejemplific\u00f3.<\/p>\n\n\n\n<p>Inform\u00f3 que durante la asamblea se ha redactado un escrito solicit\u00e1ndole al ministro de Econom\u00eda de la Naci\u00f3n, Luis Caputo, \u201cque cese con las medidas llevadas a cabo en materia de transporte y, que devuelva a las provincias el Fondo Compensador del Transporte, que se obtiene del impuesto que se les cobra a las personas cuando cargan combustible y que le corresponde a cada jurisdicci\u00f3n\u201d.<\/p>\n\n\n\n<p>\u201cEstamos ante una retenci\u00f3n indebida de fondos, el cual est\u00e1 siendo destinado a otro tipos de actividades, es decir, nos encontramos frente a una malversaci\u00f3n de los fondos p\u00fablicos\u201d, denunci\u00f3.<\/p>\n\n\n\n<p>Ante ello, indic\u00f3 una de las principales causas por la cual el transporte est\u00e1 atravesando esta realidad complicada \u201ces por las medidas ejecutadas por Caputo, que llev\u00f3 a una devaluaci\u00f3n del 120%, a la suba constante del d\u00f3lar oficial y al aumento del combustible\u201d, se\u00f1alando apenado que este viernes 1 de marzo \u201cnuevamente sufrir\u00e1 una suba\u201d.<\/p>\n\n\n\n<p>\u201cTodo esto trae diferentes consecuencias, como el incremento de los costos operativos de las empresas\u201d, sentenci\u00f3 y explic\u00f3 que lo que ocurrir\u00e1 ahora es que muchas de ellas \u201cdejen de invertir en el mantenimiento de las unidades debido a que no pueden afrontar los costos\u201d, adem\u00e1s de que \u201clas personas dejar\u00e1n &nbsp;de viajar y aparecer\u00e1n (como ya est\u00e1 ocurriendo) los transportes no autorizados\u201d.<\/p>\n\n\n\n<p>Profundiz\u00f3 que en comparaci\u00f3n al a\u00f1o pasado \u201cya tenemos un fuerte impacto negativo porque los viajes han mermado entre un 38 a 40 %\u201d y a\u00f1adi\u00f3 que por la aparici\u00f3n de veh\u00edculos que ofrecen servicios de viajes sin contar con la acreditaci\u00f3n correspondiente \u201cse han reforzado los controles en ruta en forma conjunta con la Polic\u00eda de Seguridad Vial\u201d.<\/p>\n\n\n\n<p>Asimismo, destac\u00f3 el trabajo en conjunto que se est\u00e1 dando entre todos los referentes de transportes provinciales. \u201cLo estamos haciendo de manera articulada, sin importar el signo pol\u00edtico de cada uno, porque estamos verdaderamente avocados a este tema que nos preocupa\u201d, se\u00f1al\u00f3. &nbsp;<\/p>\n\n\n\n<figure class=\"wp-block-image\"><a href=\"https:\/\/agenfor.com.ar\/wp-content\/uploads\/2024\/02\/COFETRA-2.jpg\"><img decoding=\"async\" src=\"https:\/\/agenfor.com.ar\/wp-content\/uploads\/2024\/02\/COFETRA-2-1024x683.jpg\" alt=\"\" class=\"wp-image-183136\"\/><\/a><\/figure>\n","protected":false},"excerpt":{"rendered":"<p>El director de Transporte de la provincia, el doctor Pablo C\u00f3rdoba, coment\u00f3 sobre el encuentro<\/p>\n","protected":false},"author":8,"featured_media":59296,"comment_status":"closed","ping_status":"closed","sticky":false,"template":"","format":"standard","meta":{"footnotes":""},"categories":[1],"tags":[],"class_list":["post-59295","post","type-post","status-publish","format-standard","has-post-thumbnail","hentry","category-noticias"],"_links":{"self":[{"href":"https:\/\/24formosa.com.ar\/index.php?rest_route=\/wp\/v2\/posts\/59295","targetHints":{"allow":["GET"]}}],"collection":[{"href":"https:\/\/24formosa.com.ar\/index.php?rest_route=\/wp\/v2\/posts"}],"about":[{"href":"https:\/\/24formosa.com.ar\/index.php?rest_route=\/wp\/v2\/types\/post"}],"author":[{"embeddable":true,"href":"https:\/\/24formosa.com.ar\/index.php?rest_route=\/wp\/v2\/users\/8"}],"replies":[{"embeddable":true,"href":"https:\/\/24formosa.com.ar\/index.php?rest_route=%2Fwp%2Fv2%2Fcomments&post=59295"}],"version-history":[{"count":1,"href":"https:\/\/24formosa.com.ar\/index.php?rest_route=\/wp\/v2\/posts\/59295\/revisions"}],"predecessor-version":[{"id":59297,"href":"https:\/\/24formosa.com.ar\/index.php?rest_route=\/wp\/v2\/posts\/59295\/revisions\/59297"}],"wp:featuredmedia":[{"embeddable":true,"href":"https:\/\/24formosa.com.ar\/index.php?rest_route=\/wp\/v2\/media\/59296"}],"wp:attachment":[{"href":"https:\/\/24formosa.com.ar\/index.php?rest_route=%2Fwp%2Fv2%2Fmedia&parent=59295"}],"wp:term":[{"taxonomy":"category","embeddable":true,"href":"https:\/\/24formosa.com.ar\/index.php?rest_route=%2Fwp%2Fv2%2Fcategories&post=59295"},{"taxonomy":"post_tag","embeddable":true,"href":"https:\/\/24formosa.com.ar\/index.php?rest_route=%2Fwp%2Fv2%2Ftags&post=59295"}],"curies":[{"name":"wp","href":"https:\/\/api.w.org\/{rel}","templated":true}]}}