{"id":59244,"date":"2024-02-27T08:50:23","date_gmt":"2024-02-27T11:50:23","guid":{"rendered":"https:\/\/24formosa.com.ar\/?p=59244"},"modified":"2024-02-27T08:50:23","modified_gmt":"2024-02-27T11:50:23","slug":"distribucion-de-kits-escolares-en-formosa-un-gesto-de-compromiso-y-solidaridad","status":"publish","type":"post","link":"https:\/\/24formosa.com.ar\/?p=59244","title":{"rendered":"Distribuci\u00f3n de kits escolares en Formosa: un gesto de compromiso y solidaridad"},"content":{"rendered":"\n<p>En el marco del inicio del ciclo escolar, el Gobierno de Formosa llev\u00f3 a cabo la distribuci\u00f3n de m\u00e1s de 200 mil kits escolares en toda la provincia, alcanzando a comunidades de todo el territorio. Entre estas localidades beneficiadas se encuentran Guaycolec, Moj\u00f3n de Fierro, Boca Riacho Pilag\u00e1, Colonia Dalmacia, Isla 25 de Mayo y Banco La Emilia, donde 480 ni\u00f1os, ni\u00f1as y j\u00f3venes han recibido \u00fatiles, guardapolvos y zapatillas directamente en sus manos.<\/p>\n\n\n\n<p>La entrega se realiz\u00f3 con el apoyo de docentes y el compromiso de personal del Ministerio de la Comunidad, quienes han colaborado activamente en este acto de militancia.<\/p>\n\n\n\n<p>La ministra Gloria Gim\u00e9nez, destac\u00f3 el gesto de compromiso del gobernador Gildo Insfr\u00e1n, que asegura el acceso a la educaci\u00f3n a pesar de las dificultades econ\u00f3micas que atraviesa el pa\u00eds.<\/p>\n\n\n\n<figure class=\"wp-block-image\"><a href=\"https:\/\/agenfor.com.ar\/wp-content\/uploads\/2024\/02\/Boca-Pilaga.jpeg\"><img decoding=\"async\" src=\"https:\/\/agenfor.com.ar\/wp-content\/uploads\/2024\/02\/Boca-Pilaga-1024x770.jpeg\" alt=\"\" class=\"wp-image-183042\"\/><\/a><\/figure>\n\n\n\n<p>\u201cEste es un gesto de amor que el gobernador repite a\u00f1o a a\u00f1o con los ni\u00f1os y j\u00f3venes en edad escolar y a pesar de la crisis por la que atraviesa el pa\u00eds, este a\u00f1o no fue la excepci\u00f3n\u201d, expres\u00f3 Gim\u00e9nez.<\/p>\n\n\n\n<p>El dispositivo de distribuci\u00f3n a catorce unidades educativas se llev\u00f3 a cabo durante el fin de semana, con la participaci\u00f3n activa de militantes, entre ellos la propia funcionaria, quienes en parte se dirigieron a Guaycolec, mientras que otros se desplazaron desde Moj\u00f3n de Fierro, pasando por Boca Riacho Pilag\u00e1 y Colonia Dalmacia, hasta llegar a comunidades de dif\u00edcil acceso como Isla 25 de Mayo y Banco La Emilia, para asegurar que todos los estudiantes tuvieran sus \u00fatiles escolares el d\u00eda del inicio de clases.<\/p>\n\n\n\n<p>\u201cNo solo se trat\u00f3 de \u00fatiles escolares e indumentaria para chicos y j\u00f3venes, sino que tambi\u00e9n los guardapolvos van destinados a los docentes, quienes diariamente llevan adelante la noble tarea de ense\u00f1ar\u201d, se\u00f1al\u00f3 la Ministra, destacando la importancia de apoyar a toda la comunidad educativa.<\/p>\n\n\n\n<figure class=\"wp-block-image\"><a href=\"https:\/\/agenfor.com.ar\/wp-content\/uploads\/2024\/02\/Isla-25-de-Mayo.jpeg\"><img decoding=\"async\" src=\"https:\/\/agenfor.com.ar\/wp-content\/uploads\/2024\/02\/Isla-25-de-Mayo-1024x576.jpeg\" alt=\"\" class=\"wp-image-183040\"\/><\/a><\/figure>\n\n\n\n<p>En Formosa, la educaci\u00f3n es considerada un derecho fundamental, y el gobierno provincial se compromete a garantizar todas las condiciones necesarias para que todos los ni\u00f1os y j\u00f3venes puedan acceder a ella. \u201cEsta iniciativa representa una gran ayuda al presupuesto de muchas familias para afrontar el ciclo lectivo, al mismo tiempo que brinda a ni\u00f1os y j\u00f3venes elementos que les permitan aprender\u201d, asever\u00f3.<\/p>\n\n\n\n<p>Simult\u00e1neamente agreg\u00f3 que \u201ces una gran satisfacci\u00f3n poder participar una vez m\u00e1s de este compromiso que el gobernador tiene con su gente, aportando nuestro granito de arena y colaborando en que la solidaridad llegue a cada rinc\u00f3n de la provincia\u201d.<\/p>\n\n\n\n<p>Fue as\u00ed que, siguiendo la premisa de este modelo de provincia, en cada escuela durante este lunes, luego del izamiento de pabellones y el saludo de bienvenida de directivos y docentes, los chicos, tanto del nivel inicial, como del primario y secundario, recibieron las bolsas con \u00fatiles, sus delantales y zapatillas.<\/p>\n\n\n\n<p>\u201cTodo esto es posible gracias a pol\u00edticas p\u00fablicas basadas en la justicia social, con vistas a la equidad y pensando siempre en la gente, en la comunidad\u201d, resumi\u00f3 al finalizar.<\/p>\n","protected":false},"excerpt":{"rendered":"<p>En el marco del inicio del ciclo escolar, el Gobierno de Formosa llev\u00f3 a cabo<\/p>\n","protected":false},"author":8,"featured_media":59245,"comment_status":"closed","ping_status":"closed","sticky":false,"template":"","format":"standard","meta":{"footnotes":""},"categories":[1],"tags":[],"class_list":["post-59244","post","type-post","status-publish","format-standard","has-post-thumbnail","hentry","category-noticias"],"_links":{"self":[{"href":"https:\/\/24formosa.com.ar\/index.php?rest_route=\/wp\/v2\/posts\/59244","targetHints":{"allow":["GET"]}}],"collection":[{"href":"https:\/\/24formosa.com.ar\/index.php?rest_route=\/wp\/v2\/posts"}],"about":[{"href":"https:\/\/24formosa.com.ar\/index.php?rest_route=\/wp\/v2\/types\/post"}],"author":[{"embeddable":true,"href":"https:\/\/24formosa.com.ar\/index.php?rest_route=\/wp\/v2\/users\/8"}],"replies":[{"embeddable":true,"href":"https:\/\/24formosa.com.ar\/index.php?rest_route=%2Fwp%2Fv2%2Fcomments&post=59244"}],"version-history":[{"count":1,"href":"https:\/\/24formosa.com.ar\/index.php?rest_route=\/wp\/v2\/posts\/59244\/revisions"}],"predecessor-version":[{"id":59246,"href":"https:\/\/24formosa.com.ar\/index.php?rest_route=\/wp\/v2\/posts\/59244\/revisions\/59246"}],"wp:featuredmedia":[{"embeddable":true,"href":"https:\/\/24formosa.com.ar\/index.php?rest_route=\/wp\/v2\/media\/59245"}],"wp:attachment":[{"href":"https:\/\/24formosa.com.ar\/index.php?rest_route=%2Fwp%2Fv2%2Fmedia&parent=59244"}],"wp:term":[{"taxonomy":"category","embeddable":true,"href":"https:\/\/24formosa.com.ar\/index.php?rest_route=%2Fwp%2Fv2%2Fcategories&post=59244"},{"taxonomy":"post_tag","embeddable":true,"href":"https:\/\/24formosa.com.ar\/index.php?rest_route=%2Fwp%2Fv2%2Ftags&post=59244"}],"curies":[{"name":"wp","href":"https:\/\/api.w.org\/{rel}","templated":true}]}}