{"id":59234,"date":"2024-02-23T20:38:56","date_gmt":"2024-02-23T23:38:56","guid":{"rendered":"https:\/\/24formosa.com.ar\/?p=59234"},"modified":"2024-02-23T20:38:57","modified_gmt":"2024-02-23T23:38:57","slug":"el-vicegobernador-solis-participo-del-gran-cierre-de-la-colonia-de-vacaciones-2024","status":"publish","type":"post","link":"https:\/\/24formosa.com.ar\/?p=59234","title":{"rendered":"El vicegobernador Sol\u00eds particip\u00f3 del gran cierre de la colonia de vacaciones 2024"},"content":{"rendered":"\n<p><em>En el atractivo del Parque Acu\u00e1tico \u201c17 de Octubre\u201d, ubicado en el coraz\u00f3n del barrio Eva Per\u00f3n, en la Jurisdicci\u00f3n Cinco de la Capital, hubo festejos en un marco multitudinario.<\/em><\/p>\n\n\n\n<p>\u201cCon mucha alegr\u00eda, emoci\u00f3n, juegos, bailes y pileta\u201d, el vicegobernador Eber Sol\u00eds acompa\u00f1\u00f3, junto a funcionarios del Gobierno provincial y legisladores del Partido Justicialista, el cierre de la colonia de vacaciones del verano 2024, realizado en la ma\u00f1ana de este viernes 23 en el Parque Acu\u00e1tico \u201c17 de Octubre\u201d.<\/p>\n\n\n\n<p>En ese marco, destac\u00f3 que, \u201cpor decisi\u00f3n pol\u00edtica de nuestro gobernador, el doctor Gildo Insfr\u00e1n, m\u00e1s de 30.000 colonos y colonas disfrutaron en el Complejo Para\u00edso de los Ni\u00f1os y en el Parque Acu\u00e1tico\u201d.<\/p>\n\n\n\n<p>En el atractivo del Parque Acu\u00e1tico se desarroll\u00f3 la jornada de festejo por una edici\u00f3n m\u00e1s que culmina, \u201ca pesar de la situaci\u00f3n cr\u00edtica que estamos viviendo a nivel nacional\u201d, hizo notar.<\/p>\n\n\n\n<figure class=\"wp-block-image\"><a href=\"https:\/\/agenfor.com.ar\/wp-content\/uploads\/2024\/02\/WhatsApp-Image-2024-02-23-at-13.23.07-1.jpeg\"><img decoding=\"async\" src=\"https:\/\/agenfor.com.ar\/wp-content\/uploads\/2024\/02\/WhatsApp-Image-2024-02-23-at-13.23.07-1-1024x682.jpeg\" alt=\"\" class=\"wp-image-182828\"\/><\/a><\/figure>\n\n\n\n<p>Sin embargo, \u201cac\u00e1 en Formosa estamos plantando las banderas de la soberan\u00eda pol\u00edtica, independencia econ\u00f3mica y justicia social\u201d, acentu\u00f3 categ\u00f3rico, valorando de esa manera esta propuesta de la que cual participaron ni\u00f1os y ni\u00f1as de la ciudad de Formosa como de distintos puntos del interior provincial.<\/p>\n\n\n\n<p>Tambi\u00e9n coincidi\u00f3 el cierre con que se cumpli\u00f3 un a\u00f1o de que el gobernador Insfr\u00e1n inaugurara la ampliaci\u00f3n del Parque Acu\u00e1tico, \u201clo que era un sue\u00f1o y hoy Formosa cuenta con un espacio de recreaci\u00f3n que est\u00e1 entre los m\u00e1s destacados\u201d por lo moderno de su infraestructura con sus distintas piletas, siendo una de ellas la del innovar sistema artificial de olas.<\/p>\n\n\n\n<p>Con \u201cinmensa emoci\u00f3n\u201d se expres\u00f3, en el mismo sentido, la ministra secretaria general del Poder Ejecutivo, Cecilia Guardia Mendonca. \u201cCon la alegr\u00eda por la finalizaci\u00f3n de la colonia, pero tambi\u00e9n porque se cumpli\u00f3 un a\u00f1o de la inauguraci\u00f3n de la ampliaci\u00f3n de las instalaciones del Parque Acu\u00e1tico\u201d, declar\u00f3.<\/p>\n\n\n\n<p>Luego, inform\u00f3 que las actividades de pileta libre van a continuar en el Parque Acu\u00e1tico, \u201cde mi\u00e9rcoles a domingo de 15.30 a 20 horas y la semana que viene se dar\u00e1 el inicio a la&nbsp; escuela de nataci\u00f3n\u201d.<\/p>\n\n\n\n<p>\u201cPor su parte en el Para\u00edso de los Ni\u00f1os seguir\u00e1n las actividades del aquagym por una semana m\u00e1s\u201d, agreg\u00f3.<\/p>\n\n\n\n<p>Tambi\u00e9n la funcionaria puso en relieve la planificaci\u00f3n estrat\u00e9gica del gobernador Insfr\u00e1n, elogiando que el mandatario gestiona pensando siempre en beneficio de su pueblo, \u201cadem\u00e1s de una correcta administraci\u00f3n de los recursos, y sobre todo, con una enorme de visi\u00f3n sobre el rumbo que debe ser la provincia\u201d.<\/p>\n\n\n\n<p>Todo esto \u201cen contraste con un Gobierno nacional que va a contramano, tomando medidas en desmedro de la poblaci\u00f3n argentina\u201d, a trav\u00e9s del brutal ajuste que est\u00e1 llevando adelante el presidente Javier Milei y el ministro de Econom\u00eda, Luis Caputo.<\/p>\n\n\n\n<figure class=\"wp-block-image\"><a href=\"https:\/\/agenfor.com.ar\/wp-content\/uploads\/2024\/02\/WhatsApp-Image-2024-02-23-at-13.23.07-2.jpeg\"><img decoding=\"async\" src=\"https:\/\/agenfor.com.ar\/wp-content\/uploads\/2024\/02\/WhatsApp-Image-2024-02-23-at-13.23.07-2-1024x682.jpeg\" alt=\"\" class=\"wp-image-182827\"\/><\/a><\/figure>\n","protected":false},"excerpt":{"rendered":"<p>En el atractivo del Parque Acu\u00e1tico \u201c17 de Octubre\u201d, ubicado en el coraz\u00f3n del barrio<\/p>\n","protected":false},"author":8,"featured_media":59235,"comment_status":"closed","ping_status":"closed","sticky":false,"template":"","format":"standard","meta":{"footnotes":""},"categories":[1],"tags":[],"class_list":["post-59234","post","type-post","status-publish","format-standard","has-post-thumbnail","hentry","category-noticias"],"_links":{"self":[{"href":"https:\/\/24formosa.com.ar\/index.php?rest_route=\/wp\/v2\/posts\/59234","targetHints":{"allow":["GET"]}}],"collection":[{"href":"https:\/\/24formosa.com.ar\/index.php?rest_route=\/wp\/v2\/posts"}],"about":[{"href":"https:\/\/24formosa.com.ar\/index.php?rest_route=\/wp\/v2\/types\/post"}],"author":[{"embeddable":true,"href":"https:\/\/24formosa.com.ar\/index.php?rest_route=\/wp\/v2\/users\/8"}],"replies":[{"embeddable":true,"href":"https:\/\/24formosa.com.ar\/index.php?rest_route=%2Fwp%2Fv2%2Fcomments&post=59234"}],"version-history":[{"count":1,"href":"https:\/\/24formosa.com.ar\/index.php?rest_route=\/wp\/v2\/posts\/59234\/revisions"}],"predecessor-version":[{"id":59236,"href":"https:\/\/24formosa.com.ar\/index.php?rest_route=\/wp\/v2\/posts\/59234\/revisions\/59236"}],"wp:featuredmedia":[{"embeddable":true,"href":"https:\/\/24formosa.com.ar\/index.php?rest_route=\/wp\/v2\/media\/59235"}],"wp:attachment":[{"href":"https:\/\/24formosa.com.ar\/index.php?rest_route=%2Fwp%2Fv2%2Fmedia&parent=59234"}],"wp:term":[{"taxonomy":"category","embeddable":true,"href":"https:\/\/24formosa.com.ar\/index.php?rest_route=%2Fwp%2Fv2%2Fcategories&post=59234"},{"taxonomy":"post_tag","embeddable":true,"href":"https:\/\/24formosa.com.ar\/index.php?rest_route=%2Fwp%2Fv2%2Ftags&post=59234"}],"curies":[{"name":"wp","href":"https:\/\/api.w.org\/{rel}","templated":true}]}}