{"id":59191,"date":"2024-02-21T21:57:38","date_gmt":"2024-02-22T00:57:38","guid":{"rendered":"https:\/\/24formosa.com.ar\/?p=59191"},"modified":"2024-02-21T21:57:39","modified_gmt":"2024-02-22T00:57:39","slug":"variadas-actividades-ofrecera-la-xxi-fiesta-nacional-de-la-corvina-de-rio","status":"publish","type":"post","link":"https:\/\/24formosa.com.ar\/?p=59191","title":{"rendered":"Variadas actividades ofrecer\u00e1 la XXI Fiesta Nacional de la Corvina de R\u00edo"},"content":{"rendered":"\n<p><em>A d\u00edas del inicio de la XXI Fiesta Nacional de la Corvina de R\u00edo, el intendente de Herradura, Ernesto Heizenreder, indic\u00f3 que se encuentran con \u201cmucho trabajo\u201d pero sobre todo con una \u201cgran organizaci\u00f3n entre todos los organismos gubernamentales para que esta nueva edici\u00f3n sea un verdadero \u00e9xito\u201d.<\/em><\/p>\n\n\n\n<p>Primeramente, record\u00f3 que contin\u00faan las inscripciones para la competencia de pesca de embarcada a remo y que la pueden realizar en el Ministerio de Turismo. \u201cAll\u00ed encontrar\u00e1n a la Direcci\u00f3n de Fiscalizaci\u00f3n del Ministerio de la Producci\u00f3n y Ambiente quien est\u00e1 otorgando las licencias de pescas que se requieren para participar\u201d, se\u00f1al\u00f3.<\/p>\n\n\n\n<p>Tambi\u00e9n confirm\u00f3 que el s\u00e1bado 24 \u201cestos dos organismos estar\u00e1n en el Sal\u00f3n de Multiusos inscribiendo e inclusive tambi\u00e9n lo har\u00e1n el domingo un rato antes de la largada\u201d.<\/p>\n\n\n\n<p>En relaci\u00f3n a las actividades que se desarrollar\u00e1n, el jefe comunal coment\u00f3 que \u201cinician el s\u00e1bado y estar\u00e1n a cargo de la Secretar\u00eda de Deportes de la provincia junto con la Direcci\u00f3n de Deporte del Municipio de Herradura\u201d.<\/p>\n\n\n\n<p>Partiendo desde el punto de que la fiesta se realizar\u00e1 por completo en el balneario municipal, Heizenreder afirm\u00f3 que \u201cla playa tiene un espacio de arena apto para campos deportivos y para que las personas puedan sentarse, por lo tanto all\u00ed se llevar\u00e1 a cabo la competencia de v\u00f3ley de playa\u201d.<\/p>\n\n\n\n<p>\u201cTenemos muchos inscriptos de Capital, del interior, de la provincia de Chaco hasta de Paraguay\u201d, subray\u00f3 y aclar\u00f3 que debido a la cantidad de participantes la competici\u00f3n se har\u00e1 en dos jornadas, es decir \u201ctambi\u00e9n el domingo\u201d.<\/p>\n\n\n\n<p>Adem\u00e1s, record\u00f3 que durante la tarde del domingo 25 \u201ctendremos el festival con un desfile de artistas locales de gran nivel\u201d.<\/p>\n\n\n\n<p>Tambi\u00e9n, agreg\u00f3 que \u201cdesde la Avenida San Mart\u00edn hasta la Plaza Unidad Nacional, estar\u00e1n los emprendedores con un paseo de compras de artesan\u00eda, gastronom\u00eda y los paipperos con los productos de chacras\u201d.<\/p>\n\n\n\n<p>Por otra parte, el jefe comunal record\u00f3 que se encuentra a disposici\u00f3n de todos los visitantes el \u201cComplejo Provincial del Timb\u00f3 el cual tiene un predio apto para acampar, lo que se convierte en una buena opci\u00f3n para aquellos visitantes que quieran participar de la fiesta\u201d.<\/p>\n\n\n\n<p>A\u00f1adi\u00f3 que \u201ctiene cancha para v\u00f3ley y handball de playa, cancha de futbol, sanitarios acondicionados y un sal\u00f3n de eventos techados con un amplio parrillero y una cocina en la parte de atr\u00e1s, adem\u00e1s de la pileta libre &nbsp;que est\u00e1 habilitada de martes a domingo desde las 15 horas\u201d.<\/p>\n\n\n\n<p>Por \u00faltimo, confes\u00f3 que \u201cel hecho de que se haya anunciado la realizaci\u00f3n de esta fiesta significa mucho para nosotros, porque sabemos que a partir del 10 de diciembre nuestra econom\u00eda nacional est\u00e1 sufriendo embates dur\u00edsimo y m\u00e1s a\u00fan las provincias\u201d.<\/p>\n\n\n\n<p>Asimismo, continu\u00f3 declarando que \u201cpor este motivo muchas fiestas importantes tuvieron que ser suspendidas, pero la nuestra no, porque el gobernador Gildo Insfr\u00e1n nos tiene acostumbrado a que con la adversidad no se pacta. Por eso, se acomodaron algunas cuestiones y vamos a tener la XXI Fiesta Nacional de la Corvina de R\u00edo\u201d, cerr\u00f3.<\/p>\n\n\n\n<figure class=\"wp-block-image\"><a href=\"https:\/\/agenfor.com.ar\/wp-content\/uploads\/2024\/02\/embarcada-a-remo.jpg\"><img decoding=\"async\" src=\"https:\/\/agenfor.com.ar\/wp-content\/uploads\/2024\/02\/embarcada-a-remo-1024x682.jpg\" alt=\"\" class=\"wp-image-182647\"\/><\/a><\/figure>\n","protected":false},"excerpt":{"rendered":"<p>A d\u00edas del inicio de la XXI Fiesta Nacional de la Corvina de R\u00edo, el<\/p>\n","protected":false},"author":8,"featured_media":59192,"comment_status":"closed","ping_status":"closed","sticky":false,"template":"","format":"standard","meta":{"footnotes":""},"categories":[1],"tags":[],"class_list":["post-59191","post","type-post","status-publish","format-standard","has-post-thumbnail","hentry","category-noticias"],"_links":{"self":[{"href":"https:\/\/24formosa.com.ar\/index.php?rest_route=\/wp\/v2\/posts\/59191","targetHints":{"allow":["GET"]}}],"collection":[{"href":"https:\/\/24formosa.com.ar\/index.php?rest_route=\/wp\/v2\/posts"}],"about":[{"href":"https:\/\/24formosa.com.ar\/index.php?rest_route=\/wp\/v2\/types\/post"}],"author":[{"embeddable":true,"href":"https:\/\/24formosa.com.ar\/index.php?rest_route=\/wp\/v2\/users\/8"}],"replies":[{"embeddable":true,"href":"https:\/\/24formosa.com.ar\/index.php?rest_route=%2Fwp%2Fv2%2Fcomments&post=59191"}],"version-history":[{"count":1,"href":"https:\/\/24formosa.com.ar\/index.php?rest_route=\/wp\/v2\/posts\/59191\/revisions"}],"predecessor-version":[{"id":59193,"href":"https:\/\/24formosa.com.ar\/index.php?rest_route=\/wp\/v2\/posts\/59191\/revisions\/59193"}],"wp:featuredmedia":[{"embeddable":true,"href":"https:\/\/24formosa.com.ar\/index.php?rest_route=\/wp\/v2\/media\/59192"}],"wp:attachment":[{"href":"https:\/\/24formosa.com.ar\/index.php?rest_route=%2Fwp%2Fv2%2Fmedia&parent=59191"}],"wp:term":[{"taxonomy":"category","embeddable":true,"href":"https:\/\/24formosa.com.ar\/index.php?rest_route=%2Fwp%2Fv2%2Fcategories&post=59191"},{"taxonomy":"post_tag","embeddable":true,"href":"https:\/\/24formosa.com.ar\/index.php?rest_route=%2Fwp%2Fv2%2Ftags&post=59191"}],"curies":[{"name":"wp","href":"https:\/\/api.w.org\/{rel}","templated":true}]}}