{"id":3819,"date":"2015-06-08T20:54:18","date_gmt":"2015-06-08T23:54:18","guid":{"rendered":"https:\/\/24formosa.com.ar\/?p=3819"},"modified":"2023-01-16T11:46:57","modified_gmt":"2023-01-16T14:46:57","slug":"avanzan-actividades-de-la-comision-de-jovenes-empresarios-de-formosa","status":"publish","type":"post","link":"https:\/\/24formosa.com.ar\/?p=3819","title":{"rendered":"Avanzan actividades de la comisi\u00f3n de j\u00f3venes empresarios de Formosa"},"content":{"rendered":"<p style=\"text-align: justify;\">Recientemente con la idea de un grupo de j\u00f3venes emprendedores y empresarios se avanzo en la idea de crear una comisi\u00f3n que tenga la entidad necesaria para ayudarlos en avanzar en la proyecci\u00f3n de la soluci\u00f3n de los problemas que tienen en com\u00fan en el ejercicio de sus actividades y que a su vez los ayude a crecer, a fortalecerse a trav\u00e9s de la capacitaci\u00f3n y les de las herramientas para poder realizar acciones relacionadas con la responsabilidad social empresaria.<\/p>\n<p style=\"text-align: justify;\">Fue el contador Enrique Zanin en su car\u00e1cter de presidente de la Federaci\u00f3n Econ\u00f3mica de Formosa y en representaci\u00f3n de todas las C\u00e1maras, Asociaciones empresariales y sociedades Rurales adheridas el encargado de presidir la primera reuni\u00f3n de los j\u00f3venes empresarios y les abri\u00f3 las puertas de la instituci\u00f3n para que lo utilicen como sede de todas sus acciones, ideas y desaf\u00edos.<\/p>\n<p style=\"text-align: justify;\">Juli\u00e1n Costa uno de los coordinadores inicio varias encuentros y ya est\u00e1n dando sus primeros pasos.<\/p>\n<p style=\"text-align: justify;\">Costa explico que los desaf\u00edos son poder en principio reconocerse, conversar, avanzar, en mejorar las situaciones cotidianas con la que se encuentran al ejercer su trabajo, y nucleares para poder tener mas fuerza a la hora de pedir cambios que equiparen de una manera mas justa el escenario en el que tengan que desenvolverse, pero siempre de manera equilibrada y a trav\u00e9s del dialogo.<\/p>\n<p style=\"text-align: justify;\">Son m\u00faltiples las facilidades, los puertas abiertas que encontramos desde el Estado que desarrolla sus pol\u00edticas p\u00fablicas trazando oportunidades para un mejor desarrollo, y eso hay que conocerlo, y prepararse para poder presentar los proyectos, porque el escenario est\u00e1, queda en nosotros el animarnos y el estar en condiciones de poder avanzar en ese camino. De todo eso queremos ocuparnos a trav\u00e9s de la capacitaci\u00f3n, dijo Costa.<\/p>\n<p style=\"text-align: justify;\">Costa tambi\u00e9n agrego que son muchos cooperativistas, j\u00f3venes emprendedores y profesionales los que tambi\u00e9n forman parte de esta comisi\u00f3n, y aclaro que esta abierta la posibilidad para que se sumen todos los que quieran hacer crecer sus emprendimientos productivos.<\/p>\n","protected":false},"excerpt":{"rendered":"<p>Recientemente con la idea de un grupo de j\u00f3venes emprendedores y empresarios se avanzo en<\/p>\n","protected":false},"author":3,"featured_media":3820,"comment_status":"open","ping_status":"open","sticky":false,"template":"","format":"standard","meta":{"footnotes":""},"categories":[1],"tags":[],"class_list":["post-3819","post","type-post","status-publish","format-standard","has-post-thumbnail","hentry","category-noticias"],"_links":{"self":[{"href":"https:\/\/24formosa.com.ar\/index.php?rest_route=\/wp\/v2\/posts\/3819","targetHints":{"allow":["GET"]}}],"collection":[{"href":"https:\/\/24formosa.com.ar\/index.php?rest_route=\/wp\/v2\/posts"}],"about":[{"href":"https:\/\/24formosa.com.ar\/index.php?rest_route=\/wp\/v2\/types\/post"}],"author":[{"embeddable":true,"href":"https:\/\/24formosa.com.ar\/index.php?rest_route=\/wp\/v2\/users\/3"}],"replies":[{"embeddable":true,"href":"https:\/\/24formosa.com.ar\/index.php?rest_route=%2Fwp%2Fv2%2Fcomments&post=3819"}],"version-history":[{"count":1,"href":"https:\/\/24formosa.com.ar\/index.php?rest_route=\/wp\/v2\/posts\/3819\/revisions"}],"predecessor-version":[{"id":51822,"href":"https:\/\/24formosa.com.ar\/index.php?rest_route=\/wp\/v2\/posts\/3819\/revisions\/51822"}],"wp:featuredmedia":[{"embeddable":true,"href":"https:\/\/24formosa.com.ar\/index.php?rest_route=\/wp\/v2\/media\/3820"}],"wp:attachment":[{"href":"https:\/\/24formosa.com.ar\/index.php?rest_route=%2Fwp%2Fv2%2Fmedia&parent=3819"}],"wp:term":[{"taxonomy":"category","embeddable":true,"href":"https:\/\/24formosa.com.ar\/index.php?rest_route=%2Fwp%2Fv2%2Fcategories&post=3819"},{"taxonomy":"post_tag","embeddable":true,"href":"https:\/\/24formosa.com.ar\/index.php?rest_route=%2Fwp%2Fv2%2Ftags&post=3819"}],"curies":[{"name":"wp","href":"https:\/\/api.w.org\/{rel}","templated":true}]}}