{"id":3815,"date":"2015-06-08T07:58:38","date_gmt":"2015-06-08T10:58:38","guid":{"rendered":"https:\/\/24formosa.com.ar\/?p=3815"},"modified":"2023-01-16T11:46:57","modified_gmt":"2023-01-16T14:46:57","slug":"conformaron-alianza-del-fpv-para-las-elecciones-de-este-ano","status":"publish","type":"post","link":"https:\/\/24formosa.com.ar\/?p=3815","title":{"rendered":"Conformaron alianza del FpV para las elecciones de este a\u00f1o"},"content":{"rendered":"<p style=\"text-align: justify;\">La Mesa Ejecutiva del Partido Justicialista de Formosa acaba de suscribir la alianza del Frente para la Victoria junto a once movimientos pol\u00edticos, con vistas a las elecciones de este a\u00f1o.<br \/>\nEn la reuni\u00f3n, encabezada por el presidente del PJ, Gildo Insfr\u00e1n, junto al vicepresidente provisional de la Legislatura, Armando Cabrera y miembros de la mesa ejecutiva del peronismo local, adem\u00e1s de autoridades de partidos aliados, se rubrico el acuerdo en cumplimiento con lo establecido por las normas electorales, que fijo justamente el d\u00eda 10 del corriente como fecha l\u00edmite para la inscripci\u00f3n ante la Justicia Electoral. Aunque al restar un par de d\u00edas para que fenezca el se\u00f1alado plazo, no se descarta que algunos partidos m\u00e1s se sumen a la alianza.<br \/>\n\u201cSe trata de once partidos los que conforman la alianza, la que llevara sus candidatos en los comicios previstos para este a\u00f1o\u201d, indicaron voceros del PJ local.<br \/>\nFue precisado que el Frente Para la Victoria est\u00e1 conformado por el Partido Justicialista, los partidos Dem\u00f3crata Progresista, Intransigente, Autentico Formose\u00f1o, Renovador del Oeste, Movimiento Independiente de Participaci\u00f3n, Hombre Nuevo, Concertaci\u00f3n FORJA, Encuentro por la Democracia y la Equidad, Fortaleza y Movimiento Acci\u00f3n Vecinal.<br \/>\nSe se\u00f1alo que en el marco de la reuni\u00f3n \u2013en la sede provincial del PJ formose\u00f1o- donde se firmo el acuerdo por esta alianza se hicieron una serie de consideraciones pol\u00edticas y lineamientos generales de cara a este a\u00f1o con fechas electorales fijadas para elecciones Primarias, Abiertas, Simult\u00e1neas y Obligatorias (PASO) y las de car\u00e1cter nacional y provincial de octubre, respectivamente.<\/p>\n","protected":false},"excerpt":{"rendered":"<p>La Mesa Ejecutiva del Partido Justicialista de Formosa acaba de suscribir la alianza del Frente<\/p>\n","protected":false},"author":3,"featured_media":3816,"comment_status":"open","ping_status":"open","sticky":false,"template":"","format":"standard","meta":{"footnotes":""},"categories":[1],"tags":[],"class_list":["post-3815","post","type-post","status-publish","format-standard","has-post-thumbnail","hentry","category-noticias"],"_links":{"self":[{"href":"https:\/\/24formosa.com.ar\/index.php?rest_route=\/wp\/v2\/posts\/3815","targetHints":{"allow":["GET"]}}],"collection":[{"href":"https:\/\/24formosa.com.ar\/index.php?rest_route=\/wp\/v2\/posts"}],"about":[{"href":"https:\/\/24formosa.com.ar\/index.php?rest_route=\/wp\/v2\/types\/post"}],"author":[{"embeddable":true,"href":"https:\/\/24formosa.com.ar\/index.php?rest_route=\/wp\/v2\/users\/3"}],"replies":[{"embeddable":true,"href":"https:\/\/24formosa.com.ar\/index.php?rest_route=%2Fwp%2Fv2%2Fcomments&post=3815"}],"version-history":[{"count":1,"href":"https:\/\/24formosa.com.ar\/index.php?rest_route=\/wp\/v2\/posts\/3815\/revisions"}],"predecessor-version":[{"id":51823,"href":"https:\/\/24formosa.com.ar\/index.php?rest_route=\/wp\/v2\/posts\/3815\/revisions\/51823"}],"wp:featuredmedia":[{"embeddable":true,"href":"https:\/\/24formosa.com.ar\/index.php?rest_route=\/wp\/v2\/media\/3816"}],"wp:attachment":[{"href":"https:\/\/24formosa.com.ar\/index.php?rest_route=%2Fwp%2Fv2%2Fmedia&parent=3815"}],"wp:term":[{"taxonomy":"category","embeddable":true,"href":"https:\/\/24formosa.com.ar\/index.php?rest_route=%2Fwp%2Fv2%2Fcategories&post=3815"},{"taxonomy":"post_tag","embeddable":true,"href":"https:\/\/24formosa.com.ar\/index.php?rest_route=%2Fwp%2Fv2%2Ftags&post=3815"}],"curies":[{"name":"wp","href":"https:\/\/api.w.org\/{rel}","templated":true}]}}