{"id":3812,"date":"2015-06-08T07:53:38","date_gmt":"2015-06-08T10:53:38","guid":{"rendered":"https:\/\/24formosa.com.ar\/?p=3812"},"modified":"2023-01-16T11:31:27","modified_gmt":"2023-01-16T14:31:27","slug":"alejandra-maria-fernanda-servin-reina-de-la-ciudad-de-formosa","status":"publish","type":"post","link":"https:\/\/24formosa.com.ar\/?p=3812","title":{"rendered":"Alejandra Mar\u00eda Fernanda Serv\u00edn Reina de la Ciudad de Formosa"},"content":{"rendered":"<p style=\"text-align: justify;\">El Centro Cultural Municipal fue el escenario del desfile de las 17 bellas j\u00f3venes formose\u00f1as que participaron de la Elecci\u00f3n de Reina de la Ciudad, resultando electa la se\u00f1orita Alejandra Mar\u00eda Fernanda Serv\u00edn quien representar\u00e1 a la ciudad capital en la elecci\u00f3n de la Reina de la Provincializaci\u00f3n.<\/p>\n<p style=\"text-align: justify;\">Primera Princesa fue elegida Ver\u00f3nica D\u00e1valos; Segunda Princesa, Mar\u00eda Victoria Alcaraz; Julieta Fleitas, Miss Simpat\u00eda y Miss Elegancia la bella jovencita Silvina Rama, quienes fueron elegidas por un jurado compuesto por la Dra. Mar\u00eda Emilia Mancebo Grab, Sally De Vido en representaci\u00f3n de la Municipalidad; Carola Kelly, vicepresidenta del Circulo de Profesionales de la Comunicaci\u00f3n; Julieta Mansilla dise\u00f1adora y Karen Esp\u00ednola de la Escuela de Talentos y Reyna de la Colectividad Paraguaya.<\/p>\n<p style=\"text-align: justify;\">Alejandra Mar\u00eda Fernanda Serv\u00edn, tiene 21 a\u00f1os es cosmet\u00f3loga y est\u00e1 al frente de un sal\u00f3n de belleza, que asegura es su pasi\u00f3n.<br \/>\nAl ser consultada por la prensa dijo estar \u201cmuy feliz\u201d y coment\u00f3 que su sue\u00f1o era poder representar a la ciudad de Formosa \u201cyo siempre digo que los sue\u00f1os hay que perseguirlo y hoy se me cumpli\u00f3\u201d, manifest\u00f3.<\/p>\n<p style=\"text-align: justify;\">Respecto a sus anhelos y proyectos aseugr\u00f3 que es \u201ccrecer en mi trabajo y seguir estudiando y perfeccion\u00e1ndome\u201d, a la vez que agradeci\u00f3 a las j\u00f3venes que participaron con ella en la elecci\u00f3n \u201cporque, adem\u00e1s de ser todas muy bellas, fueron muy amables y eso permiti\u00f3 podamos compartir todas una tarde hermosa\u201d.<br \/>\nEl evento fue engalanado con la conducci\u00f3n del actor formose\u00f1o Isaac Rojas, quien anim\u00f3 la tarde con su simpat\u00eda y humor, mientras que los segmentos musicales estuvieron a cargo del cantante Gustavo Delturco y bailarines de la escuela \u201cCoraz\u00f3n Latino, la academia de tango \u201cLa Gafura\u201d y \u201cAbi Dance\u201d.<\/p>\n","protected":false},"excerpt":{"rendered":"<p>El Centro Cultural Municipal fue el escenario del desfile de las 17 bellas j\u00f3venes formose\u00f1as<\/p>\n","protected":false},"author":3,"featured_media":3813,"comment_status":"open","ping_status":"open","sticky":false,"template":"","format":"standard","meta":{"footnotes":""},"categories":[1],"tags":[],"class_list":["post-3812","post","type-post","status-publish","format-standard","has-post-thumbnail","hentry","category-noticias"],"_links":{"self":[{"href":"https:\/\/24formosa.com.ar\/index.php?rest_route=\/wp\/v2\/posts\/3812","targetHints":{"allow":["GET"]}}],"collection":[{"href":"https:\/\/24formosa.com.ar\/index.php?rest_route=\/wp\/v2\/posts"}],"about":[{"href":"https:\/\/24formosa.com.ar\/index.php?rest_route=\/wp\/v2\/types\/post"}],"author":[{"embeddable":true,"href":"https:\/\/24formosa.com.ar\/index.php?rest_route=\/wp\/v2\/users\/3"}],"replies":[{"embeddable":true,"href":"https:\/\/24formosa.com.ar\/index.php?rest_route=%2Fwp%2Fv2%2Fcomments&post=3812"}],"version-history":[{"count":1,"href":"https:\/\/24formosa.com.ar\/index.php?rest_route=\/wp\/v2\/posts\/3812\/revisions"}],"predecessor-version":[{"id":48930,"href":"https:\/\/24formosa.com.ar\/index.php?rest_route=\/wp\/v2\/posts\/3812\/revisions\/48930"}],"wp:featuredmedia":[{"embeddable":true,"href":"https:\/\/24formosa.com.ar\/index.php?rest_route=\/wp\/v2\/media\/3813"}],"wp:attachment":[{"href":"https:\/\/24formosa.com.ar\/index.php?rest_route=%2Fwp%2Fv2%2Fmedia&parent=3812"}],"wp:term":[{"taxonomy":"category","embeddable":true,"href":"https:\/\/24formosa.com.ar\/index.php?rest_route=%2Fwp%2Fv2%2Fcategories&post=3812"},{"taxonomy":"post_tag","embeddable":true,"href":"https:\/\/24formosa.com.ar\/index.php?rest_route=%2Fwp%2Fv2%2Ftags&post=3812"}],"curies":[{"name":"wp","href":"https:\/\/api.w.org\/{rel}","templated":true}]}}