{"id":3803,"date":"2015-06-05T21:25:18","date_gmt":"2015-06-06T00:25:18","guid":{"rendered":"https:\/\/24formosa.com.ar\/?p=3803"},"modified":"2023-01-16T11:46:58","modified_gmt":"2023-01-16T14:46:58","slug":"insfran-invito-a-construir-la-nueva-formosa-con-hombres-felices-y-libres","status":"publish","type":"post","link":"https:\/\/24formosa.com.ar\/?p=3803","title":{"rendered":"Insfr\u00e1n invit\u00f3 a construir la nueva Formosa con hombres felices y libres"},"content":{"rendered":"<p style=\"text-align: justify;\">El gobernador Gildo Insfr\u00e1n inst\u00f3 a los formose\u00f1os a participar de la construcci\u00f3n de la nueva Formosa sobre bases s\u00f3lidas que perduren en el tiempo, sobre todo a partir de una generaci\u00f3n de hombres y mujeres felices y libres al inaugurar el nuevo edificio de la escuela 18 \u201cFray Mamerto Esquiu\u201d, se\u00f1alando que del mismo modo como en las antiguas instalaciones se formaron educativamente personalidades sobresalientes con la nueva casa seguramente que surgir\u00e1n muchas m\u00e1s para fortalecer el futuro provincial.<\/p>\n<p style=\"text-align: justify;\">Sobre la relevancia del edificio en la formaci\u00f3n de los alumnos , record\u00f3 las ense\u00f1anzas de Per\u00f3n en el sentido de que \u201c primero hay que tener una ni\u00f1ez feliz para tener hombres buenos porque de esa manera lo dem\u00e1s llega por a\u00f1adidura y los docentes solamente tendr\u00e1n que moldearlos en los distintos niveles \u201d<\/p>\n<p style=\"text-align: justify;\">El mandatario rindi\u00f3 homenaje a los maestros que pasaron por el establecimiento e hizo menci\u00f3n especial a la figura de don Antenor Argentino Gauna quien fuese director de la escuela 18 y gobernador de la provincia.<\/p>\n<p style=\"text-align: justify;\">Insfran se refiri\u00f3 a Gauna como \u201cnuestro gobernador\u201d explicando que as\u00ed lo hac\u00eda porque fue el primer mandatario formose\u00f1o que surgi\u00f3 de elecciones libres y sin partidos pol\u00edticos proscriptos como hab\u00eda acontecido con anterioridad luego que el golpe militar de septiembre de 1955 prohibi\u00f3 la participaci\u00f3n del justicialismo en comicios y hasta la posibilidad de mencionar los nombres de Per\u00f3n y Evita y de todo lo que estuviese ligado a ese movimiento nacional y popular.<\/p>\n<p style=\"text-align: justify;\">Esa referencia tambi\u00e9n tuvo que ver por el hecho de que la escuela 18 antes de recibir el nombre de \u201cFray Mamerto Esquiu\u201d se denominaba \u201cEva Per\u00f3n\u201d y con el deseo suyo , sin \u00e1nimo revanchista alguno, de que el futuro no se repitan situaciones como estas que de alguna manera se\u00f1alan las situaciones de desencuentro por las que tuvo que atravesar la Argentina.<\/p>\n<p style=\"text-align: justify;\">\u201cPodemos disentir, pensar en forma diferente; pero siempre tiene que haber un inter\u00e9s superior en el que todos tenemos que pensar que es el inter\u00e9s de la patria porque cuando la patria est\u00e1 en juego nada ni nadie nos tiene que separar\u201d, reflexion\u00f3.<\/p>\n<p style=\"text-align: justify;\">Adem\u00e1s, el gobernador conto an\u00e9cdotas y relato aspectos de la historia formose\u00f1a para que se valore la importancia que tiene para la vida de los pueblos que el estado a trav\u00e9s de sus gobiernos se encargue de la construcci\u00f3n de los edificios donde la ni\u00f1ez pueda formarse convenientemente, se\u00f1alando que en la medida que sea feliz y consecuentemente buena ser\u00e1 mucho mas f\u00e1cil la labor de los docentes.<\/p>\n<p style=\"text-align: justify;\">Memoro como ocurri\u00f3 en los comienzos de la vida territoriana cuando se creaban las escuelas y se designaban a los docentes aunque era la comunidad toda la que ten\u00eda que intervenir y aportar para la creaci\u00f3n del espacio donde se iban a desarrollar las clases y las dem\u00e1s actividades propias del sistema educativo.<\/p>\n<p style=\"text-align: justify;\">Conto, adem\u00e1s, las razones por las que las escuelas, sobre todo las del interior, cambiaban de lugar de asentamiento en forma permanente y que ello se deb\u00eda a que las unidades educativas surg\u00edan donde se concentraba la poblaci\u00f3n en torno de las posibilidades de trabajo aunque migraban hacia otras direcciones cuando la familia deb\u00eda buscar nuevas formas de sustento diario.<\/p>\n<p style=\"text-align: justify;\">En ese sentido, hablo tambi\u00e9n de los caminos de colonizaci\u00f3n que existieron en Formosa y que tuvieron que ver en el centro provincial con el ferrocarril y el nacimiento de los pueblos en las proximidades de las estaciones y en el norte con la ruta de las carretas tiradas por bueyes que eran los \u00fanicos medios de comunicaci\u00f3n y que eran utilizados por los maestros para llegar hasta los establecimientos en los que ejerc\u00edan.<\/p>\n<p style=\"text-align: justify;\"><strong>Emociones<\/strong><\/p>\n<p style=\"text-align: justify;\">El acto fue una sucesi\u00f3n de momentos emotivos y del cual tambi\u00e9n participaron activamente las autoridades, como el vicegobernador Floro Bogado, intendente Fernando De Vido, el Jefe de Gabinete, Antonio Ferreira, legisladores nacionales, provinciales y concejales, y la comunidad educativa de la centenaria y emblem\u00e1tica escuela 18, muchos ex docentes y ex alumnos.<\/p>\n<p style=\"text-align: justify;\">El ministro de Cultura y Educaci\u00f3n, Alberto Zorrilla, puso de relieve la \u201ccreatividad e ingenio del equipo t\u00e9cnico que conduce la subsecretaria de Obras y Servicios P\u00fablicos, Mar\u00eda Teresa Gonz\u00e1lez porque en tan poco espacio lograron resolver arquitect\u00f3nicamente las necesidades pedag\u00f3gicas de la comunidad educativa\u201d.<\/p>\n<p style=\"text-align: justify;\">Destaco el sitio de emplazamiento de la escuela, en el \u201cl\u00edmite del barrio San Martin y cabecera de playa del San Miguel\u201d, y justamente sus alumnos fueron y son de este ultimo y tradicional sector de la ciudad. Se\u00f1alo asimismo que \u201cde aqu\u00ed han egresado grandes personas y actores en la construcci\u00f3n primigenia de nuestra provincia, diputados y ministros, como el compa\u00f1ero Pedro Morales, testigos validos del avance y transformaci\u00f3n de Formosa, mas all\u00e1 de las respectivas ideolog\u00edas de cada uno, porque realmente esto es muy dif\u00edcil de negar, habr\u00eda que ser muy necio para hacerlo\u201d.<\/p>\n<p style=\"text-align: justify;\">Dijo que \u201cest\u00e1n casi todos, restando solo la entronizaci\u00f3n de la imagen de la Virgen de Lujan, protectora de la escuela, lo que ocurrir\u00e1 cuando se inaugure el museo\u201d.<\/p>\n","protected":false},"excerpt":{"rendered":"<p>El gobernador Gildo Insfr\u00e1n inst\u00f3 a los formose\u00f1os a participar de la construcci\u00f3n de la<\/p>\n","protected":false},"author":3,"featured_media":3804,"comment_status":"open","ping_status":"open","sticky":false,"template":"","format":"standard","meta":{"footnotes":""},"categories":[1],"tags":[],"class_list":["post-3803","post","type-post","status-publish","format-standard","has-post-thumbnail","hentry","category-noticias"],"_links":{"self":[{"href":"https:\/\/24formosa.com.ar\/index.php?rest_route=\/wp\/v2\/posts\/3803","targetHints":{"allow":["GET"]}}],"collection":[{"href":"https:\/\/24formosa.com.ar\/index.php?rest_route=\/wp\/v2\/posts"}],"about":[{"href":"https:\/\/24formosa.com.ar\/index.php?rest_route=\/wp\/v2\/types\/post"}],"author":[{"embeddable":true,"href":"https:\/\/24formosa.com.ar\/index.php?rest_route=\/wp\/v2\/users\/3"}],"replies":[{"embeddable":true,"href":"https:\/\/24formosa.com.ar\/index.php?rest_route=%2Fwp%2Fv2%2Fcomments&post=3803"}],"version-history":[{"count":1,"href":"https:\/\/24formosa.com.ar\/index.php?rest_route=\/wp\/v2\/posts\/3803\/revisions"}],"predecessor-version":[{"id":51826,"href":"https:\/\/24formosa.com.ar\/index.php?rest_route=\/wp\/v2\/posts\/3803\/revisions\/51826"}],"wp:featuredmedia":[{"embeddable":true,"href":"https:\/\/24formosa.com.ar\/index.php?rest_route=\/wp\/v2\/media\/3804"}],"wp:attachment":[{"href":"https:\/\/24formosa.com.ar\/index.php?rest_route=%2Fwp%2Fv2%2Fmedia&parent=3803"}],"wp:term":[{"taxonomy":"category","embeddable":true,"href":"https:\/\/24formosa.com.ar\/index.php?rest_route=%2Fwp%2Fv2%2Fcategories&post=3803"},{"taxonomy":"post_tag","embeddable":true,"href":"https:\/\/24formosa.com.ar\/index.php?rest_route=%2Fwp%2Fv2%2Ftags&post=3803"}],"curies":[{"name":"wp","href":"https:\/\/api.w.org\/{rel}","templated":true}]}}